{"id":8759,"date":"2020-04-30T13:31:24","date_gmt":"2020-04-30T13:31:24","guid":{"rendered":"https:\/\/arroyitoonline.com.ar\/?p=8759"},"modified":"2020-04-30T13:31:34","modified_gmt":"2020-04-30T13:31:34","slug":"comercios-profesiones-liberales-y-obras-privadas-se-flexibilizan-desde-el-miecoles-29","status":"publish","type":"post","link":"https:\/\/arroyitoonline.com.ar\/?p=8759","title":{"rendered":"Comercios, profesiones liberales y obras privadas se flexibilizan desde el mi\u00e9coles 29"},"content":{"rendered":"\n<p><strong>El Concejo Deliberante aprob\u00f3 por unanimidad su adhesi\u00f3n a los protocolos para estos nuevos rubros exceptuados. <\/strong><\/p>\n\n\n\n<p>Ayer, en sesi\u00f3n virtual, el Concejo Deliberante aprob\u00f3 por unanimidad, el Proyecto de Ordenanza: \u201cRatificaci\u00f3n Del Decreto N\u00b0 169-C\/20 &#8211; Adhesi\u00f3n A Los Protocolos Emitidos el D\u00eda 27 De Abril De 2020, por el Centro de Operaciones de Emergencias (C.O.E.) de la Provincia de C\u00f3rdoba\u201d.<\/p>\n\n\n\n<p>Por lo que la apertura de comercios, obras privadas y profesiones liberales, entra en vigencia desde hoy mi\u00e9rcoles 29 de abril, con el requerimiento de que cumplan con estos protocolos de bioseguridad.<\/p>\n\n\n\n<p>Es decir que, el Protocolo de Bioseguridad para el Ejercicio de Profesiones Liberales, el Protocolo de Habilitaciones de Obras Privadas, y el Protocolo de Comercio, emitidos por el Centro de Operaciones de Emergencia, el 27 de abril de 2020, dependiente del Ministerio de Salud de la Provincia de C\u00f3rdoba, quedan aprobados y vigentes.<\/p>\n\n\n\n<p>Los Protocolos del COE pueden encontrarlos en la Secci\u00f3n \u201cCuarentena en fase de segmentaci\u00f3n geogr\u00e1fica &#8211; Protocolos\u201d en el siguiente Link:\u00a0<a>https:\/\/www.cba.gov.ar\/coronavirus\/<\/a><\/p>\n\n\n\n<p>Es importante destacar que para trabajar Obras Privadas, se requiere un Permiso Municipal que ser\u00e1 otorgado por la Direcci\u00f3n de Habilitaciones, Comercio y Bromatolog\u00eda.<\/p>\n\n\n\n<p>En cuanto a Obra Privada, se habilita a todas las ya iniciadas o nuevas que no sean habitadas. Los trabajadores deber\u00e1n pedir un permiso a la Municipalidad, y no podr\u00e1n ser m\u00e1s de cinco personas por obra. Es importante destacar que los trabajadores deber\u00e1n ser vecinos de Arroyito.<\/p>\n\n\n\n<p>Protocolo Obras Privadas: <a href=\"https:\/\/drive.google.com\/file\/d\/1nUEO8_SuyLWcJ4BX8abbFxyOlNCZppb1\/view?usp=sharing\">https:\/\/drive.google.com\/file\/d\/1nUEO8_SuyLWcJ4BX8abbFxyOlNCZppb1\/view?usp=sharing<\/a><\/p>\n\n\n\n<p>En lo que respecta a Comercios, se habilita a aquellos que no requieran permanencia de los clientes. Deber\u00e1n cumplir con las medidas de bioseguridad establecidas.<\/p>\n\n\n\n<p>Protocolo Comercios: <a href=\"https:\/\/drive.google.com\/file\/d\/1oJkSMhYxpzWGuaGSuiF99BMKnqA9SNoT\/view?usp=sharing\">https:\/\/drive.google.com\/file\/d\/1oJkSMhYxpzWGuaGSuiF99BMKnqA9SNoT\/view?usp=sharing<\/a><\/p>\n\n\n\n<p>Finalmente, los profesionales liberales (abogados, contadores, escribanos, arquitectos, ingenieros, agrimensores, corredores inmobiliarios, gestores y martilleros) podr\u00e1n atender v\u00eda telef\u00f3nica o digital, y de manera presencial solo dos veces por semana, hasta dos clientes por hora, con turnos previos.<\/p>\n\n\n\n<p>Protocolo Profesiones Liberales: <a href=\"https:\/\/drive.google.com\/file\/d\/1QhYW0zHNOiJu2Ma5MelAeY1Wl30_UA0K\/view?usp=sharing\">https:\/\/drive.google.com\/file\/d\/1QhYW0zHNOiJu2Ma5MelAeY1Wl30_UA0K\/view?usp=sharing<\/a><\/p>\n\n\n\n<p>En todo momento, se deber\u00e1 respetar la distancia m\u00ednima de dos metros entre las personas, el uso de barbijo no quir\u00fargico y las medidas de higiene de manos e higiene respiratoria.<\/p>\n\n\n\n<p>Fuente: Comunicaci\u00f3n y Protocolo del Gobierno Municipal.<\/p>\n","protected":false},"excerpt":{"rendered":"<p>El Concejo Deliberante aprob\u00f3 por unanimidad su adhesi\u00f3n a los protocolos para estos nuevos rubros exceptuados. Ayer, en sesi\u00f3n virtual,&hellip;<\/p>\n","protected":false},"author":3,"featured_media":8343,"comment_status":"closed","ping_status":"open","sticky":false,"template":"","format":"standard","meta":{"footnotes":""},"categories":[900],"tags":[1120,66,67,836,217,1108,404,405,1102,857,572,657],"class_list":["post-8759","post","type-post","status-publish","format-standard","has-post-thumbnail","hentry","category-noticias","tag-aislamiento","tag-arroyito","tag-arroyito-cordoba","tag-arroyito-online","tag-comercio","tag-coronavirus","tag-gobierno-de-cordoba","tag-gobierno-de-la-provincia","tag-gobierno-municipal","tag-gobierno-nacional","tag-noticias-de-arroyito-y-zona","tag-profesionales"],"_links":{"self":[{"href":"https:\/\/arroyitoonline.com.ar\/index.php?rest_route=\/wp\/v2\/posts\/8759","targetHints":{"allow":["GET"]}}],"collection":[{"href":"https:\/\/arroyitoonline.com.ar\/index.php?rest_route=\/wp\/v2\/posts"}],"about":[{"href":"https:\/\/arroyitoonline.com.ar\/index.php?rest_route=\/wp\/v2\/types\/post"}],"author":[{"embeddable":true,"href":"https:\/\/arroyitoonline.com.ar\/index.php?rest_route=\/wp\/v2\/users\/3"}],"replies":[{"embeddable":true,"href":"https:\/\/arroyitoonline.com.ar\/index.php?rest_route=%2Fwp%2Fv2%2Fcomments&post=8759"}],"version-history":[{"count":1,"href":"https:\/\/arroyitoonline.com.ar\/index.php?rest_route=\/wp\/v2\/posts\/8759\/revisions"}],"predecessor-version":[{"id":8772,"href":"https:\/\/arroyitoonline.com.ar\/index.php?rest_route=\/wp\/v2\/posts\/8759\/revisions\/8772"}],"wp:featuredmedia":[{"embeddable":true,"href":"https:\/\/arroyitoonline.com.ar\/index.php?rest_route=\/wp\/v2\/media\/8343"}],"wp:attachment":[{"href":"https:\/\/arroyitoonline.com.ar\/index.php?rest_route=%2Fwp%2Fv2%2Fmedia&parent=8759"}],"wp:term":[{"taxonomy":"category","embeddable":true,"href":"https:\/\/arroyitoonline.com.ar\/index.php?rest_route=%2Fwp%2Fv2%2Fcategories&post=8759"},{"taxonomy":"post_tag","embeddable":true,"href":"https:\/\/arroyitoonline.com.ar\/index.php?rest_route=%2Fwp%2Fv2%2Ftags&post=8759"}],"curies":[{"name":"wp","href":"https:\/\/api.w.org\/{rel}","templated":true}]}}