{"id":8773,"date":"2020-04-30T15:48:28","date_gmt":"2020-04-30T15:48:28","guid":{"rendered":"https:\/\/arroyitoonline.com.ar\/?p=8773"},"modified":"2020-04-30T15:48:46","modified_gmt":"2020-04-30T15:48:46","slug":"flexibilizacion-cuales-son-los-nuevos-horarios-para-comercios-profesionales-y-obras-privadas","status":"publish","type":"post","link":"https:\/\/arroyitoonline.com.ar\/?p=8773","title":{"rendered":"Flexibilizaci\u00f3n: cu\u00e1les son los nuevos horarios para comercios, profesionales y obras privadas"},"content":{"rendered":"\n<p><strong>Arroyito es zona blanca. Si sos empleado o propietario de alg\u00fan comercio y ten\u00e9s dudas te pod\u00e9s comunicar al n\u00famero de tel\u00e9fono 3576 467890. <\/strong><\/p>\n\n\n\n<p>En las \u00faltimas horas, se establecieron nuevos horarios dispuestos por el Gobierno Provincial a trav\u00e9s del COE y por el Ejecutivo Municipal mediante el Decreto N\u00b0 171-C\/20 aprobado el d\u00eda martes 28 de abril, durante este tercer per\u00edodo de Aislamiento Social Preventivo y Obligatorio.<\/p>\n\n\n\n<figure class=\"wp-block-image\"><img loading=\"lazy\" decoding=\"async\" width=\"1024\" height=\"1024\" src=\"https:\/\/arroyitoonline.com.ar\/wp-content\/uploads\/2020\/04\/nuevos-horarios-comercios-1024x1024.jpeg\" alt=\"\" class=\"wp-image-8774\" srcset=\"https:\/\/arroyitoonline.com.ar\/wp-content\/uploads\/2020\/04\/nuevos-horarios-comercios-1024x1024.jpeg 1024w, https:\/\/arroyitoonline.com.ar\/wp-content\/uploads\/2020\/04\/nuevos-horarios-comercios-150x150.jpeg 150w, https:\/\/arroyitoonline.com.ar\/wp-content\/uploads\/2020\/04\/nuevos-horarios-comercios-300x300.jpeg 300w, https:\/\/arroyitoonline.com.ar\/wp-content\/uploads\/2020\/04\/nuevos-horarios-comercios-768x768.jpeg 768w, https:\/\/arroyitoonline.com.ar\/wp-content\/uploads\/2020\/04\/nuevos-horarios-comercios.jpeg 1181w\" sizes=\"auto, (max-width: 1024px) 100vw, 1024px\" \/><\/figure>\n\n\n\n<p>Los supermercados mayoristas y minoristas podr\u00e1n atender de lunes a\u00a0 s\u00e1bado de 8:00 a 19:00 horas.<\/p>\n\n\n\n<p>Las despensas, panader\u00edas, verduler\u00edas, carnicer\u00edas, farmacias y tiendas de art\u00edculos de limpieza, abrir\u00e1n de lunes a domingo de 8:00 a 21:30 horas.<\/p>\n\n\n\n<p>Los deliverys de comida y alimentos podr\u00e1n atender de lunes a domingo de 8:00 a 0:00 horas.<\/p>\n\n\n\n<p>Los comercios que ya estaban vigentes, que fueron autorizados conforme a la normativa nacional, de lunes a s\u00e1bado de 8:00 a 14:00 horas.<\/p>\n\n\n\n<p>Los nuevos negocios autorizados el pasado lunes 20 de abril por el COE Central de la Provincia de C\u00f3rdoba, de lunes a s\u00e1bado de 8:00 a 14:00 horas. En este caso, la concurrencia de la clientela se prev\u00e9 de la siguiente manera: d\u00edas pares, los clientes cuyo DNI sea par; d\u00edas impares, los clientes cuyo DNI sea impar.<\/p>\n\n\n\n<p>Por su parte, los trabajadores de\u00a0obras privadas no habitadas, podr\u00e1n trabajar de lunes a viernes de 08:00 a 14:00 horas. Siendo no m\u00e1s de cinco personas por obra y solicitando el permiso municipal correspondiente a la Direcci\u00f3n de Habilitaciones, Comercio y Bromatolog\u00eda.<\/p>\n\n\n\n<p>Para la profesiones liberales habilitadas por el COE Central el pasado\u00a0lunes 20 de abril, el Gobierno Municipal, siguiendo las recomendaciones del COE, ha establecido el horario de 8:00 a 16:00 horas, para la atenci\u00f3n con turnos previos, los siguientes dos d\u00edas para cada actividad: abogados y escribanos: lunes y mi\u00e9rcoles; contadores, corredores inmobiliarios, gestores matriculados y martilleros: martes y jueves; arquitectos, ingenieros, agrimensores: martes y viernes.<\/p>\n\n\n\n<figure class=\"wp-block-image\"><img decoding=\"async\" src=\"https:\/\/www.municipioarroyito.gob.ar\/images\/WhatsApp_Image_2020-04-30_at_9.38.10_AM.jpeg\" alt=\"WhatsApp Image 2020 04 30 at 9.38.10 AM\"\/><\/figure>\n\n\n\n<p>Si sos empleado o propietario de alg\u00fan comercio y ten\u00e9s dudas te pod\u00e9s comunicar al n\u00famero de tel\u00e9fono 3576 467890.<\/p>\n\n\n\n<p>Por \u00faltimo, desde el Gobierno Municipal recordaron a toda la comunidad <em>&#8220;que es importante que se respeten los horarios y protocolos de bioseguridad establecidos para evitar el contagio \u2013distancia m\u00ednima de un metro y medio entre personas, uso de tapaboca y medidas de higiene-&#8220;<\/em>.<\/p>\n\n\n\n<p>Fuente: Comunicaci\u00f3n y Protocolo del Gobierno Municipal. <\/p>\n","protected":false},"excerpt":{"rendered":"<p>Arroyito es zona blanca. Si sos empleado o propietario de alg\u00fan comercio y ten\u00e9s dudas te pod\u00e9s comunicar al n\u00famero&hellip;<\/p>\n","protected":false},"author":3,"featured_media":8654,"comment_status":"closed","ping_status":"open","sticky":false,"template":"","format":"standard","meta":{"footnotes":""},"categories":[996],"tags":[1120,66,67,836,217,1108,1119,404,405,1102,857,556,572,657],"class_list":["post-8773","post","type-post","status-publish","format-standard","has-post-thumbnail","hentry","category-comercio","tag-aislamiento","tag-arroyito","tag-arroyito-cordoba","tag-arroyito-online","tag-comercio","tag-coronavirus","tag-cuarentena","tag-gobierno-de-cordoba","tag-gobierno-de-la-provincia","tag-gobierno-municipal","tag-gobierno-nacional","tag-municipalidad-de-arroyito","tag-noticias-de-arroyito-y-zona","tag-profesionales"],"_links":{"self":[{"href":"https:\/\/arroyitoonline.com.ar\/index.php?rest_route=\/wp\/v2\/posts\/8773","targetHints":{"allow":["GET"]}}],"collection":[{"href":"https:\/\/arroyitoonline.com.ar\/index.php?rest_route=\/wp\/v2\/posts"}],"about":[{"href":"https:\/\/arroyitoonline.com.ar\/index.php?rest_route=\/wp\/v2\/types\/post"}],"author":[{"embeddable":true,"href":"https:\/\/arroyitoonline.com.ar\/index.php?rest_route=\/wp\/v2\/users\/3"}],"replies":[{"embeddable":true,"href":"https:\/\/arroyitoonline.com.ar\/index.php?rest_route=%2Fwp%2Fv2%2Fcomments&post=8773"}],"version-history":[{"count":1,"href":"https:\/\/arroyitoonline.com.ar\/index.php?rest_route=\/wp\/v2\/posts\/8773\/revisions"}],"predecessor-version":[{"id":8775,"href":"https:\/\/arroyitoonline.com.ar\/index.php?rest_route=\/wp\/v2\/posts\/8773\/revisions\/8775"}],"wp:featuredmedia":[{"embeddable":true,"href":"https:\/\/arroyitoonline.com.ar\/index.php?rest_route=\/wp\/v2\/media\/8654"}],"wp:attachment":[{"href":"https:\/\/arroyitoonline.com.ar\/index.php?rest_route=%2Fwp%2Fv2%2Fmedia&parent=8773"}],"wp:term":[{"taxonomy":"category","embeddable":true,"href":"https:\/\/arroyitoonline.com.ar\/index.php?rest_route=%2Fwp%2Fv2%2Fcategories&post=8773"},{"taxonomy":"post_tag","embeddable":true,"href":"https:\/\/arroyitoonline.com.ar\/index.php?rest_route=%2Fwp%2Fv2%2Ftags&post=8773"}],"curies":[{"name":"wp","href":"https:\/\/api.w.org\/{rel}","templated":true}]}}