{"id":8823,"date":"2020-04-27T15:53:06","date_gmt":"2020-04-27T15:53:06","guid":{"rendered":"https:\/\/arroyitoonline.com.ar\/?p=8823"},"modified":"2020-05-02T03:58:16","modified_gmt":"2020-05-02T03:58:16","slug":"si-hiciste-el-curso-de-rcp-y-primeros-auxilios-solicita-tu-certificado","status":"publish","type":"post","link":"https:\/\/arroyitoonline.com.ar\/?p=8823","title":{"rendered":"Si hiciste el curso de RCP y Primeros Auxilios solicit\u00e1 tu certificado"},"content":{"rendered":"\n<p><strong>Si te capacitaste el pasado 7 de marzo y todav\u00eda no ten\u00e9s la cetificaci\u00f3n pod\u00e9s pedirla a trav\u00e9s de WhatsApp.<\/strong><\/p>\n\n\n\n<p>El Gobierno Municipal informa que los vecinos que participaron en el curso de RCP y Primeros Auxilios en la V\u00eda P\u00fablica el pasado 7 de marzo y no recibieron su certificado pueden comunicarse al n\u00famero de tel\u00e9fono 3576 511506 y solicitarlo.<\/p>\n\n\n\n<figure class=\"wp-block-image\"><img decoding=\"async\" src=\"https:\/\/www.municipioarroyito.gob.ar\/images\/WhatsApp_Image_2020-04-16_at_2.57.56_PM.jpeg\" alt=\"WhatsApp Image 2020 04 16 at 2.57.56 PM\"\/><\/figure>\n\n\n\n<p>&#8220;Aprovechamos la ocasi\u00f3n para felicitar a las personas que realizaron el curso por su compromiso desinteresado con la salud de todos&#8221;, expresaron desde el Gobierno Municipal.<\/p>\n\n\n\n<p>Fuente: Comunicaci\u00f3n y Protocolo del Gobierno Municipal.<\/p>\n","protected":false},"excerpt":{"rendered":"<p>Si te capacitaste el pasado 7 de marzo y todav\u00eda no ten\u00e9s la cetificaci\u00f3n pod\u00e9s pedirla a trav\u00e9s de WhatsApp.&hellip;<\/p>\n","protected":false},"author":3,"featured_media":8068,"comment_status":"closed","ping_status":"open","sticky":false,"template":"","format":"standard","meta":{"footnotes":""},"categories":[830],"tags":[66,67,836,153,265,1102,572,1105,1082],"class_list":["post-8823","post","type-post","status-publish","format-standard","has-post-thumbnail","hentry","category-educacion-online","tag-arroyito","tag-arroyito-cordoba","tag-arroyito-online","tag-capacitacion","tag-curso","tag-gobierno-municipal","tag-noticias-de-arroyito-y-zona","tag-primeros-auxilios","tag-rcp"],"_links":{"self":[{"href":"https:\/\/arroyitoonline.com.ar\/index.php?rest_route=\/wp\/v2\/posts\/8823","targetHints":{"allow":["GET"]}}],"collection":[{"href":"https:\/\/arroyitoonline.com.ar\/index.php?rest_route=\/wp\/v2\/posts"}],"about":[{"href":"https:\/\/arroyitoonline.com.ar\/index.php?rest_route=\/wp\/v2\/types\/post"}],"author":[{"embeddable":true,"href":"https:\/\/arroyitoonline.com.ar\/index.php?rest_route=\/wp\/v2\/users\/3"}],"replies":[{"embeddable":true,"href":"https:\/\/arroyitoonline.com.ar\/index.php?rest_route=%2Fwp%2Fv2%2Fcomments&post=8823"}],"version-history":[{"count":1,"href":"https:\/\/arroyitoonline.com.ar\/index.php?rest_route=\/wp\/v2\/posts\/8823\/revisions"}],"predecessor-version":[{"id":8824,"href":"https:\/\/arroyitoonline.com.ar\/index.php?rest_route=\/wp\/v2\/posts\/8823\/revisions\/8824"}],"wp:featuredmedia":[{"embeddable":true,"href":"https:\/\/arroyitoonline.com.ar\/index.php?rest_route=\/wp\/v2\/media\/8068"}],"wp:attachment":[{"href":"https:\/\/arroyitoonline.com.ar\/index.php?rest_route=%2Fwp%2Fv2%2Fmedia&parent=8823"}],"wp:term":[{"taxonomy":"category","embeddable":true,"href":"https:\/\/arroyitoonline.com.ar\/index.php?rest_route=%2Fwp%2Fv2%2Fcategories&post=8823"},{"taxonomy":"post_tag","embeddable":true,"href":"https:\/\/arroyitoonline.com.ar\/index.php?rest_route=%2Fwp%2Fv2%2Ftags&post=8823"}],"curies":[{"name":"wp","href":"https:\/\/api.w.org\/{rel}","templated":true}]}}