{"id":8825,"date":"2020-04-17T16:26:05","date_gmt":"2020-04-17T16:26:05","guid":{"rendered":"https:\/\/arroyitoonline.com.ar\/?p=8825"},"modified":"2020-05-02T04:31:35","modified_gmt":"2020-05-02T04:31:35","slug":"el-centro-operativo-de-emergencia-san-justo-se-reunio-en-arroyito","status":"publish","type":"post","link":"https:\/\/arroyitoonline.com.ar\/?p=8825","title":{"rendered":"El Centro Operativo de Emergencia San Justo se reuni\u00f3 en Arroyito"},"content":{"rendered":"\n<p><strong>Se brind\u00f3 una capacitaci\u00f3n t\u00e9cnica para la atenci\u00f3n del Covid\u201319, informando sobre la coordinaci\u00f3n general y responsabilidades de cada entidad municipal. <\/strong><\/p>\n\n\n\n<p>El Centro de Operaciones de Emergencia del departamento San Justo trabaj\u00f3 hoy, en conjunto con el Gobierno Municipal de Arroyito, dictando una conferencia, de capacitaci\u00f3n t\u00e9cnica para la atenci\u00f3n del Covid\u201319, informando sobre la coordinaci\u00f3n general y responsabilidades de cada entidad municipal.<\/p>\n\n\n\n<figure class=\"wp-block-image\"><img decoding=\"async\" src=\"https:\/\/www.municipioarroyito.gob.ar\/images\/WhatsApp_Image_2020-04-17_at_8.29.57_AM_1.jpeg\" alt=\"WhatsApp Image 2020 04 17 at 8.29.57 AM 1\"\/><\/figure>\n\n\n\n<p>En un encuentro, que dur\u00f3 m\u00e1s de dos horas, se reunieron las autoridades de los Gobiernos Municipales de la regi\u00f3n, Bomberos Voluntarios, Seguridad y Personal de la Salud, atendiendo las recomendaciones del COE San Justo y despejando inquietudes.<\/p>\n\n\n\n<p>A trav\u00e9s de un mensaje de bienvenida del intendente Gustavo Benedetti, se dio comienzo a la capacitaci\u00f3n, a cargo del director del Hospital Iturraspe y director del COE San Justo, Valent\u00edn Vicente; la subdirectora del Hospital Iturraspe y jefa de Epidemiologia, Ver\u00f3nica Pepino; el teniente Primero Facundo Acevedo, y Sr. Rossi.<\/p>\n\n\n\n<figure class=\"wp-block-image\"><img decoding=\"async\" src=\"https:\/\/www.municipioarroyito.gob.ar\/images\/WhatsApp_Image_2020-04-17_at_9.54.36_AM.jpeg\" alt=\"WhatsApp Image 2020 04 17 at 9.54.36 AM\"\/><\/figure>\n\n\n\n<p>En el importante encuentro se abord\u00f3 el manejo de kits de protecci\u00f3n del personal, coordinaci\u00f3n regional, funcionamiento del Hospital Iturraspe, ingresos y cord\u00f3n sanitario, entre otras importantes disposiciones para un trabajo colaborativo.<\/p>\n\n\n\n<p>Tambi\u00e9n estuvieron presentes autoridades de Colonia las Pichanas, C\u00f3rdoba, El T\u00edo, Marull, La Francia, La Tordilla, Miramar, Sacanta, San Francisco, Toro Pujio, Tr\u00e1nsito y Villa Concepci\u00f3n de El T\u00edo. Se logr\u00f3 aunar criterios y despejar dudas, trabajando de forma conjunta para la atenci\u00f3n de emergencia del coronavirus.<\/p>\n\n\n\n<p>Se destaca que el Centro de Emergencia de Arroyito integra esta red regional de Atenci\u00f3n del Covid-19, con la participaci\u00f3n de los m\u00e9dicos Melina Gallo, directora M\u00e9dica del Hospital Municipal Carlos J. Rodr\u00edguez; M\u00f3nica Rodr\u00edguez, epidemi\u00f3loga a cargo del Pre Hospitalario y Hospitalario, y Guillermo Moscioni, al frente del Centro Sanitario de Aislamiento.&nbsp;<\/p>\n\n\n\n<figure class=\"wp-block-image\"><img decoding=\"async\" src=\"https:\/\/www.municipioarroyito.gob.ar\/images\/WhatsApp_Image_2020-04-17_at_9.54.36_AM_2.jpeg\" alt=\"WhatsApp Image 2020 04 17 at 9.54.36 AM 2\"\/><\/figure>\n\n\n\n<p>Desde el Gobierno Municipal informaron que contin\u00faan dando grandes pasos para cuidar de la salud de todos.<\/p>\n\n\n\n<figure class=\"wp-block-image\"><img decoding=\"async\" src=\"https:\/\/www.municipioarroyito.gob.ar\/images\/WhatsApp_Image_2020-04-17_at_8.29.57_AM.jpeg\" alt=\"WhatsApp Image 2020 04 17 at 8.29.57 AM\"\/><\/figure>\n\n\n\n<p>Fuente: Comunicaci\u00f3n y Protocolo del Gobierno Municipal.<\/p>\n","protected":false},"excerpt":{"rendered":"<p>Se brind\u00f3 una capacitaci\u00f3n t\u00e9cnica para la atenci\u00f3n del Covid\u201319, informando sobre la coordinaci\u00f3n general y responsabilidades de cada entidad&hellip;<\/p>\n","protected":false},"author":3,"featured_media":8826,"comment_status":"closed","ping_status":"open","sticky":false,"template":"","format":"standard","meta":{"footnotes":""},"categories":[9],"tags":[1120,66,67,836,1108,1102,426,1126,572,706,711],"class_list":["post-8825","post","type-post","status-publish","format-standard","has-post-thumbnail","hentry","category-infosalud","tag-aislamiento","tag-arroyito","tag-arroyito-cordoba","tag-arroyito-online","tag-coronavirus","tag-gobierno-municipal","tag-hospital","tag-hospital-iturraspe","tag-noticias-de-arroyito-y-zona","tag-salud","tag-san-justo"],"_links":{"self":[{"href":"https:\/\/arroyitoonline.com.ar\/index.php?rest_route=\/wp\/v2\/posts\/8825","targetHints":{"allow":["GET"]}}],"collection":[{"href":"https:\/\/arroyitoonline.com.ar\/index.php?rest_route=\/wp\/v2\/posts"}],"about":[{"href":"https:\/\/arroyitoonline.com.ar\/index.php?rest_route=\/wp\/v2\/types\/post"}],"author":[{"embeddable":true,"href":"https:\/\/arroyitoonline.com.ar\/index.php?rest_route=\/wp\/v2\/users\/3"}],"replies":[{"embeddable":true,"href":"https:\/\/arroyitoonline.com.ar\/index.php?rest_route=%2Fwp%2Fv2%2Fcomments&post=8825"}],"version-history":[{"count":1,"href":"https:\/\/arroyitoonline.com.ar\/index.php?rest_route=\/wp\/v2\/posts\/8825\/revisions"}],"predecessor-version":[{"id":8827,"href":"https:\/\/arroyitoonline.com.ar\/index.php?rest_route=\/wp\/v2\/posts\/8825\/revisions\/8827"}],"wp:featuredmedia":[{"embeddable":true,"href":"https:\/\/arroyitoonline.com.ar\/index.php?rest_route=\/wp\/v2\/media\/8826"}],"wp:attachment":[{"href":"https:\/\/arroyitoonline.com.ar\/index.php?rest_route=%2Fwp%2Fv2%2Fmedia&parent=8825"}],"wp:term":[{"taxonomy":"category","embeddable":true,"href":"https:\/\/arroyitoonline.com.ar\/index.php?rest_route=%2Fwp%2Fv2%2Fcategories&post=8825"},{"taxonomy":"post_tag","embeddable":true,"href":"https:\/\/arroyitoonline.com.ar\/index.php?rest_route=%2Fwp%2Fv2%2Ftags&post=8825"}],"curies":[{"name":"wp","href":"https:\/\/api.w.org\/{rel}","templated":true}]}}