{"id":8828,"date":"2020-05-02T04:44:19","date_gmt":"2020-05-02T04:44:19","guid":{"rendered":"https:\/\/arroyitoonline.com.ar\/?p=8828"},"modified":"2020-05-02T04:44:24","modified_gmt":"2020-05-02T04:44:24","slug":"coronavirus-el-gobierno-municipal-incorporo-un-nuevo-equipo-de-salud-mental","status":"publish","type":"post","link":"https:\/\/arroyitoonline.com.ar\/?p=8828","title":{"rendered":"Coronavirus: el Gobierno Municipal incorpor\u00f3 un nuevo equipo de Salud Mental"},"content":{"rendered":"\n<p><strong>Se han nucleado profesionales de la Psicolog\u00eda, que trabajan para el abordaje, de forma voluntaria, de la problem\u00e1tica Covid-19. <\/strong><\/p>\n\n\n\n<p>La coordinaci\u00f3n de Equidad y Asistencia a la Mujer, Adolescencia, Ni\u00f1ez y Familia del Gobierno Municipal y el Hospital Municipal Carlos J. Rodr\u00edguez ponen a disposici\u00f3n de la poblaci\u00f3n, un equipo de psic\u00f3logos que trabajan para la mitigaci\u00f3n del impacto que el aislamiento puede provocar en las personas.<\/p>\n\n\n\n<p>En este sentido, bajo la coordinaci\u00f3n de Paola Trasmontana, se han nucleado profesionales de la Psicolog\u00eda, que trabajan en diferentes \u00e1reas de la Municipalidad para el abordaje, de forma voluntaria, de la problem\u00e1tica Covid-19. Se trata de los licenciados Fabiana Sorello, Gabriela Roldan, Julio C\u00e9sar Cuello, Myriam Ciancia y Romina Machado.<\/p>\n\n\n\n<p>Este espacio tiene como principal objetivo el acompa\u00f1amiento de las personas diagnosticadas con coronavirus, a sus familiares y a la poblaci\u00f3n en general de Arroyito, La Curva y El Fuertecito, en cuanto al malestar subjetivo que pueda ocasionarse en relaci\u00f3n a la pandemia y a la cuarentena.<\/p>\n\n\n\n<p>En el marco del Centro de Emergencia Arroyito (CEA Covid-19), de forma virtual y telef\u00f3nica, se generar\u00e1n actividades de atenci\u00f3n, contenci\u00f3n, escucha y psicoeducaci\u00f3n, donde se articula con diferentes \u00e1reas municipales -Promoci\u00f3n Comunitaria y Social, Prenaf, Consejo de las mujeres- en los casos que los que sea necesario.<\/p>\n\n\n\n<p>Las personas interesadas en recibir atenci\u00f3n en Salud Mental, deber\u00e1n comunicarse al n\u00famero de tel\u00e9fono (03576) 15524243, para que sean atendidos por un profesional.<\/p>\n\n\n\n<p><strong>Valoraci\u00f3n del estado emocional de la poblaci\u00f3n<\/strong><\/p>\n\n\n\n<figure class=\"wp-block-image\"><img loading=\"lazy\" decoding=\"async\" width=\"754\" height=\"1024\" src=\"https:\/\/arroyitoonline.com.ar\/wp-content\/uploads\/2020\/05\/valoraci\u00f3n-estado-emocional-poblaci\u00f3n-754x1024.jpeg\" alt=\"\" class=\"wp-image-8830\" srcset=\"https:\/\/arroyitoonline.com.ar\/wp-content\/uploads\/2020\/05\/valoraci\u00f3n-estado-emocional-poblaci\u00f3n-754x1024.jpeg 754w, https:\/\/arroyitoonline.com.ar\/wp-content\/uploads\/2020\/05\/valoraci\u00f3n-estado-emocional-poblaci\u00f3n-221x300.jpeg 221w, https:\/\/arroyitoonline.com.ar\/wp-content\/uploads\/2020\/05\/valoraci\u00f3n-estado-emocional-poblaci\u00f3n-768x1044.jpeg 768w, https:\/\/arroyitoonline.com.ar\/wp-content\/uploads\/2020\/05\/valoraci\u00f3n-estado-emocional-poblaci\u00f3n.jpeg 942w\" sizes=\"auto, (max-width: 754px) 100vw, 754px\" \/><\/figure>\n\n\n\n<p>En la misma l\u00ednea, se ha creado un registro virtual para la realizaci\u00f3n de una valoraci\u00f3n del estado emocional de la poblaci\u00f3n de Arroyito, La Curva y El Fuertecito.<\/p>\n\n\n\n<p>En el marco del Centro de Emergencia de Arroyito, teniendo en cuenta que la situaci\u00f3n de Aislamiento Social, Preventivo y Obligatorio, afecta tanto a la salud f\u00edsica y ps\u00edquica como social, de maneras diferentes en cada persona y comunidad, es importante la participaci\u00f3n de todos, para que se diagramen diferentes estrategias que ayuden a contrarrestar los efectos.<\/p>\n\n\n\n<p>Las personas que deseen realizar el cuestionario, podr\u00e1n hacerlo de manera an\u00f3nima, a trav\u00e9s del siguiente link.<br>Valoraci\u00f3n del estado emocional de la poblaci\u00f3n:\u00a0<a href=\"https:\/\/forms.gle\/qCtaKgSoBniUJM98A\">https:\/\/forms.gle\/qCtaKgSoBniUJM98A<\/a><br>Es muy importante tu colaboraci\u00f3n.<\/p>\n\n\n\n<p>Fuente: Comunicaci\u00f3n y Protocolo del Gobierno Municipal.<\/p>\n","protected":false},"excerpt":{"rendered":"<p>Se han nucleado profesionales de la Psicolog\u00eda, que trabajan para el abordaje, de forma voluntaria, de la problem\u00e1tica Covid-19. La&hellip;<\/p>\n","protected":false},"author":3,"featured_media":8829,"comment_status":"closed","ping_status":"open","sticky":false,"template":"","format":"standard","meta":{"footnotes":""},"categories":[9],"tags":[66,67,836,1102,426,572,706,707],"class_list":["post-8828","post","type-post","status-publish","format-standard","has-post-thumbnail","hentry","category-infosalud","tag-arroyito","tag-arroyito-cordoba","tag-arroyito-online","tag-gobierno-municipal","tag-hospital","tag-noticias-de-arroyito-y-zona","tag-salud","tag-salud-mental"],"_links":{"self":[{"href":"https:\/\/arroyitoonline.com.ar\/index.php?rest_route=\/wp\/v2\/posts\/8828","targetHints":{"allow":["GET"]}}],"collection":[{"href":"https:\/\/arroyitoonline.com.ar\/index.php?rest_route=\/wp\/v2\/posts"}],"about":[{"href":"https:\/\/arroyitoonline.com.ar\/index.php?rest_route=\/wp\/v2\/types\/post"}],"author":[{"embeddable":true,"href":"https:\/\/arroyitoonline.com.ar\/index.php?rest_route=\/wp\/v2\/users\/3"}],"replies":[{"embeddable":true,"href":"https:\/\/arroyitoonline.com.ar\/index.php?rest_route=%2Fwp%2Fv2%2Fcomments&post=8828"}],"version-history":[{"count":1,"href":"https:\/\/arroyitoonline.com.ar\/index.php?rest_route=\/wp\/v2\/posts\/8828\/revisions"}],"predecessor-version":[{"id":8831,"href":"https:\/\/arroyitoonline.com.ar\/index.php?rest_route=\/wp\/v2\/posts\/8828\/revisions\/8831"}],"wp:featuredmedia":[{"embeddable":true,"href":"https:\/\/arroyitoonline.com.ar\/index.php?rest_route=\/wp\/v2\/media\/8829"}],"wp:attachment":[{"href":"https:\/\/arroyitoonline.com.ar\/index.php?rest_route=%2Fwp%2Fv2%2Fmedia&parent=8828"}],"wp:term":[{"taxonomy":"category","embeddable":true,"href":"https:\/\/arroyitoonline.com.ar\/index.php?rest_route=%2Fwp%2Fv2%2Fcategories&post=8828"},{"taxonomy":"post_tag","embeddable":true,"href":"https:\/\/arroyitoonline.com.ar\/index.php?rest_route=%2Fwp%2Fv2%2Ftags&post=8828"}],"curies":[{"name":"wp","href":"https:\/\/api.w.org\/{rel}","templated":true}]}}