{"id":8834,"date":"2020-04-21T13:23:06","date_gmt":"2020-04-21T13:23:06","guid":{"rendered":"https:\/\/arroyitoonline.com.ar\/?p=8834"},"modified":"2020-05-02T19:50:49","modified_gmt":"2020-05-02T19:50:49","slug":"intendentes-se-reunieron-de-manera-virtual-previo-al-encuentro-de-la-mesa-provincia-municipios","status":"publish","type":"post","link":"https:\/\/arroyitoonline.com.ar\/?p=8834","title":{"rendered":"Intendentes se reunieron de manera virtual previo al encuentro de la Mesa Provincia\u2013Municipios"},"content":{"rendered":"\n<p><strong>Dialogaron sobre los requerimientos, asistencias y coordinaciones para las pol\u00edticas p\u00fablicas necesarias en cuanto a la atenci\u00f3n del Covid.-19. <\/strong><\/p>\n\n\n\n<p>Mediante videoconferencia, el intendente Gustavo A. Benedetti, trabaj\u00f3 junto a algunos pares de la provincia, previo a la reuni\u00f3n de la Mesa Provincia\u2013Municipios, sobre los requerimientos, asistencias y coordinaciones para las pol\u00edticas p\u00fablicas necesarias en cuanto a la atenci\u00f3n del Covid.-19.<\/p>\n\n\n\n<p>En la oportunidad se dialog\u00f3 sobre la necesidad de que se permita a cooperativas de Servicios P\u00fablicos de localidades, la apertura de cajas para el cobro de facturas, a los fines de que se garantice el pago de sueldos y prestaciones de salud, se aseguren los montos de Fofindes \u2013que tuvieron una merma del 20%-, se refuercen los fondos para compra de insumos m\u00e9dicos y se garantice el pago de los sueldos de Naci\u00f3n.<\/p>\n\n\n\n<p>Haciendo hincapi\u00e9 en la labor de los intendentes en las actividades y requerimientos solicitados por los gobiernos nacional y provincial, como la participaci\u00f3n en COE, control de precios y de circulaci\u00f3n, se habl\u00f3 sobre la solicitud para que el Gobierno Provincial determine un criterio o mecanismo ordenador para todos los municipios, respecto al\u00a0R\u00e9gimen Laboral de Emergencia para empleados municipales y el pago no remunerativo de los adicionales.<\/p>\n\n\n\n<p>Fuente: Comunicaci\u00f3n y Protocolo del Gobierno Municipal.<\/p>\n","protected":false},"excerpt":{"rendered":"<p>Dialogaron sobre los requerimientos, asistencias y coordinaciones para las pol\u00edticas p\u00fablicas necesarias en cuanto a la atenci\u00f3n del Covid.-19. Mediante&hellip;<\/p>\n","protected":false},"author":3,"featured_media":8835,"comment_status":"closed","ping_status":"open","sticky":false,"template":"","format":"standard","meta":{"footnotes":""},"categories":[829],"tags":[1120,66,67,836,115,1108,404,405,1102,968,572],"class_list":["post-8834","post","type-post","status-publish","format-standard","has-post-thumbnail","hentry","category-municipales-online","tag-aislamiento","tag-arroyito","tag-arroyito-cordoba","tag-arroyito-online","tag-benedetti","tag-coronavirus","tag-gobierno-de-cordoba","tag-gobierno-de-la-provincia","tag-gobierno-municipal","tag-gustavo-benedetti","tag-noticias-de-arroyito-y-zona"],"_links":{"self":[{"href":"https:\/\/arroyitoonline.com.ar\/index.php?rest_route=\/wp\/v2\/posts\/8834","targetHints":{"allow":["GET"]}}],"collection":[{"href":"https:\/\/arroyitoonline.com.ar\/index.php?rest_route=\/wp\/v2\/posts"}],"about":[{"href":"https:\/\/arroyitoonline.com.ar\/index.php?rest_route=\/wp\/v2\/types\/post"}],"author":[{"embeddable":true,"href":"https:\/\/arroyitoonline.com.ar\/index.php?rest_route=\/wp\/v2\/users\/3"}],"replies":[{"embeddable":true,"href":"https:\/\/arroyitoonline.com.ar\/index.php?rest_route=%2Fwp%2Fv2%2Fcomments&post=8834"}],"version-history":[{"count":1,"href":"https:\/\/arroyitoonline.com.ar\/index.php?rest_route=\/wp\/v2\/posts\/8834\/revisions"}],"predecessor-version":[{"id":8836,"href":"https:\/\/arroyitoonline.com.ar\/index.php?rest_route=\/wp\/v2\/posts\/8834\/revisions\/8836"}],"wp:featuredmedia":[{"embeddable":true,"href":"https:\/\/arroyitoonline.com.ar\/index.php?rest_route=\/wp\/v2\/media\/8835"}],"wp:attachment":[{"href":"https:\/\/arroyitoonline.com.ar\/index.php?rest_route=%2Fwp%2Fv2%2Fmedia&parent=8834"}],"wp:term":[{"taxonomy":"category","embeddable":true,"href":"https:\/\/arroyitoonline.com.ar\/index.php?rest_route=%2Fwp%2Fv2%2Fcategories&post=8834"},{"taxonomy":"post_tag","embeddable":true,"href":"https:\/\/arroyitoonline.com.ar\/index.php?rest_route=%2Fwp%2Fv2%2Ftags&post=8834"}],"curies":[{"name":"wp","href":"https:\/\/api.w.org\/{rel}","templated":true}]}}