{"id":8837,"date":"2020-05-02T20:08:06","date_gmt":"2020-05-02T20:08:06","guid":{"rendered":"https:\/\/arroyitoonline.com.ar\/?p=8837"},"modified":"2020-05-02T20:08:13","modified_gmt":"2020-05-02T20:08:13","slug":"coronavirus-arroyito-ya-cuenta-con-un-centro-de-aislamiento-listo-y-otro-pronto-a-habilitarse","status":"publish","type":"post","link":"https:\/\/arroyitoonline.com.ar\/?p=8837","title":{"rendered":"Coronavirus: Arroyito ya cuenta con un Centro de Aislamiento listo y otro pronto a habilitarse"},"content":{"rendered":"\n<p><strong>Se ubica en la Casa de la Cultura, tiene capacidad para ocho camas y cuenta con una sala para pat\u00f3genos, una sala limpia y una sala de enfermer\u00eda. <\/strong><\/p>\n\n\n\n<p>El Centro de Organizaci\u00f3n de Emergencia de la Provincia de C\u00f3rdoba indic\u00f3, a distintas localidades, que tengan previstos centros de aislamientos, ante cualquier eventualidad que requiera su uso.<\/p>\n\n\n\n<p>En tal circunstancia, el Centro de Emergencias Arroyito, comandado por el intendente municipal Gustavo Benedetti, ya tiene pensados cuatro centros de aislamiento. Uno de ellos, que ya est\u00e1 listo para funcionar, se ubica en la Casa de la Cultura, tiene capacidad para ocho camas y cuenta con una sala para pat\u00f3genos, una sala limpia y una sala de enfermer\u00eda.<\/p>\n\n\n\n<figure class=\"wp-block-image\"><img decoding=\"async\" src=\"https:\/\/www.municipioarroyito.gob.ar\/images\/WhatsApp_Image_2020-05-02_at_1.09.32_PM.jpeg\" alt=\"WhatsApp Image 2020 05 02 at 1.09.32 PM\"\/><\/figure>\n\n\n\n<p>Otro Centro de aislamiento estar\u00e1 donde funcionaba la Cl\u00ednica Regional, que sus due\u00f1os pusieron a disposici\u00f3n para tal fin. All\u00ed, empleados Municipales del Corral\u00f3n, trabajaron para la adecuaci\u00f3n de las instalaciones. Se realizaron trabajos de plomer\u00eda, electricidad, alba\u00f1iler\u00eda y pintura, dejando el lugar en condiciones.<\/p>\n\n\n\n<p>Los dem\u00e1s centros que tambi\u00e9n est\u00e1n a disposici\u00f3n son: el Comit\u00e9 de la UCR y el Sal\u00f3n del Centro de Jubilados de Arroyito.<\/p>\n\n\n\n<figure class=\"wp-block-image\"><img decoding=\"async\" src=\"https:\/\/www.municipioarroyito.gob.ar\/images\/WhatsApp_Image_2020-05-02_at_1.09.31_PM_1.jpeg\" alt=\"WhatsApp Image 2020 05 02 at 1.09.31 PM 1\"\/><\/figure>\n\n\n\n<p>Benedetti; el\u00a0equipo de salud encabezado por la directora M\u00e9dica del hospital, Melina Gallo; miembros del Ejecutivo Municipal e integrantes del CEA, recorrieron las instalaciones de la Casa de la Cultura, ya habilitada, y la ex-Cl\u00ednica Regional que, en estos d\u00edas, quedar\u00e1 habilitada de igual manera. Supervisaron ambas instalaciones y relevaron que todo est\u00e9 en condiciones \u00f3ptimas para su funcionamiento.<\/p>\n\n\n\n<p>Arroyito se encuentra en constante trabajo y avances para dar respuestas a las exigencias y necesidades actuales de cuidado de la Salud, dijeron desde el Gobierno Municipal.<\/p>\n\n\n\n<p>Fuente: Comunicaci\u00f3n y Protocolo del Gobierno Municipal.<\/p>\n","protected":false},"excerpt":{"rendered":"<p>Se ubica en la Casa de la Cultura, tiene capacidad para ocho camas y cuenta con una sala para pat\u00f3genos,&hellip;<\/p>\n","protected":false},"author":3,"featured_media":8838,"comment_status":"closed","ping_status":"open","sticky":false,"template":"","format":"standard","meta":{"footnotes":""},"categories":[9],"tags":[66,67,836,115,1108,404,405,1102,968,426,572,706],"class_list":["post-8837","post","type-post","status-publish","format-standard","has-post-thumbnail","hentry","category-infosalud","tag-arroyito","tag-arroyito-cordoba","tag-arroyito-online","tag-benedetti","tag-coronavirus","tag-gobierno-de-cordoba","tag-gobierno-de-la-provincia","tag-gobierno-municipal","tag-gustavo-benedetti","tag-hospital","tag-noticias-de-arroyito-y-zona","tag-salud"],"_links":{"self":[{"href":"https:\/\/arroyitoonline.com.ar\/index.php?rest_route=\/wp\/v2\/posts\/8837","targetHints":{"allow":["GET"]}}],"collection":[{"href":"https:\/\/arroyitoonline.com.ar\/index.php?rest_route=\/wp\/v2\/posts"}],"about":[{"href":"https:\/\/arroyitoonline.com.ar\/index.php?rest_route=\/wp\/v2\/types\/post"}],"author":[{"embeddable":true,"href":"https:\/\/arroyitoonline.com.ar\/index.php?rest_route=\/wp\/v2\/users\/3"}],"replies":[{"embeddable":true,"href":"https:\/\/arroyitoonline.com.ar\/index.php?rest_route=%2Fwp%2Fv2%2Fcomments&post=8837"}],"version-history":[{"count":1,"href":"https:\/\/arroyitoonline.com.ar\/index.php?rest_route=\/wp\/v2\/posts\/8837\/revisions"}],"predecessor-version":[{"id":8839,"href":"https:\/\/arroyitoonline.com.ar\/index.php?rest_route=\/wp\/v2\/posts\/8837\/revisions\/8839"}],"wp:featuredmedia":[{"embeddable":true,"href":"https:\/\/arroyitoonline.com.ar\/index.php?rest_route=\/wp\/v2\/media\/8838"}],"wp:attachment":[{"href":"https:\/\/arroyitoonline.com.ar\/index.php?rest_route=%2Fwp%2Fv2%2Fmedia&parent=8837"}],"wp:term":[{"taxonomy":"category","embeddable":true,"href":"https:\/\/arroyitoonline.com.ar\/index.php?rest_route=%2Fwp%2Fv2%2Fcategories&post=8837"},{"taxonomy":"post_tag","embeddable":true,"href":"https:\/\/arroyitoonline.com.ar\/index.php?rest_route=%2Fwp%2Fv2%2Ftags&post=8837"}],"curies":[{"name":"wp","href":"https:\/\/api.w.org\/{rel}","templated":true}]}}