{"id":8840,"date":"2020-05-02T20:16:04","date_gmt":"2020-05-02T20:16:04","guid":{"rendered":"https:\/\/arroyitoonline.com.ar\/?p=8840"},"modified":"2020-05-02T20:16:07","modified_gmt":"2020-05-02T20:16:07","slug":"covid-19-el-cea-define-los-protocolos-de-actuacion","status":"publish","type":"post","link":"https:\/\/arroyitoonline.com.ar\/?p=8840","title":{"rendered":"Covid-19: el CEA define los Protocolos de actuaci\u00f3n"},"content":{"rendered":"\n<p><strong>Tambi\u00e9n se definieron los protocolos que deben manejarse en los distintos Centros de Aislamiento. <\/strong><\/p>\n\n\n\n<p>El intendente municipal, Gustavo Benedetti, mantuvo una importante reuni\u00f3n con el equipo de Salud del CEA; representantes m\u00e9dicos; jefa de Enfermer\u00eda; responsable de Salud Mental, Paola Trasmontana; asesora de Ambiente y Energ\u00eda, Lelia Imhof; secretario de Gobierno, Jos\u00e9 Solera; coordinador General de Gabinete, Mart\u00edn Ar\u00e9valo; secretaria Privada, Claudia Oberto, y directora de Habilitaciones, Comercio y Bromatolog\u00eda, Daniela Mendoza.<\/p>\n\n\n\n<p>Durante esta reuni\u00f3n se trataron los distintos protocolos en relaci\u00f3n a los pacientes con sospecha o positivos de Covid-19, as\u00ed como tambi\u00e9n los protocolos que deben manejarse en los distintos Centros de Aislamiento.<\/p>\n\n\n\n<figure class=\"wp-block-image\"><img decoding=\"async\" src=\"https:\/\/www.municipioarroyito.gob.ar\/images\/WhatsApp_Image_2020-05-02_at_1.29.22_PM.jpeg\" alt=\"WhatsApp Image 2020 05 02 at 1.29.22 PM\"\/><\/figure>\n\n\n\n<p>Los mismos que ya estaban pre establecidos, y fueron analizados al detalle y debatidos. Se aunaron distintos criterios para dejar definidos los Protocolos, con el aval de todos los profesionales de la salud.<\/p>\n\n\n\n<p>Fuente: Comunicaci\u00f3n y Protocolo del Gobierno Municipal. <\/p>\n","protected":false},"excerpt":{"rendered":"<p>Tambi\u00e9n se definieron los protocolos que deben manejarse en los distintos Centros de Aislamiento. El intendente municipal, Gustavo Benedetti, mantuvo&hellip;<\/p>\n","protected":false},"author":3,"featured_media":8841,"comment_status":"closed","ping_status":"open","sticky":false,"template":"","format":"standard","meta":{"footnotes":""},"categories":[9],"tags":[1120,66,67,836,1108,1119,404,405,1102,426,572,706],"class_list":["post-8840","post","type-post","status-publish","format-standard","has-post-thumbnail","hentry","category-infosalud","tag-aislamiento","tag-arroyito","tag-arroyito-cordoba","tag-arroyito-online","tag-coronavirus","tag-cuarentena","tag-gobierno-de-cordoba","tag-gobierno-de-la-provincia","tag-gobierno-municipal","tag-hospital","tag-noticias-de-arroyito-y-zona","tag-salud"],"_links":{"self":[{"href":"https:\/\/arroyitoonline.com.ar\/index.php?rest_route=\/wp\/v2\/posts\/8840","targetHints":{"allow":["GET"]}}],"collection":[{"href":"https:\/\/arroyitoonline.com.ar\/index.php?rest_route=\/wp\/v2\/posts"}],"about":[{"href":"https:\/\/arroyitoonline.com.ar\/index.php?rest_route=\/wp\/v2\/types\/post"}],"author":[{"embeddable":true,"href":"https:\/\/arroyitoonline.com.ar\/index.php?rest_route=\/wp\/v2\/users\/3"}],"replies":[{"embeddable":true,"href":"https:\/\/arroyitoonline.com.ar\/index.php?rest_route=%2Fwp%2Fv2%2Fcomments&post=8840"}],"version-history":[{"count":1,"href":"https:\/\/arroyitoonline.com.ar\/index.php?rest_route=\/wp\/v2\/posts\/8840\/revisions"}],"predecessor-version":[{"id":8842,"href":"https:\/\/arroyitoonline.com.ar\/index.php?rest_route=\/wp\/v2\/posts\/8840\/revisions\/8842"}],"wp:featuredmedia":[{"embeddable":true,"href":"https:\/\/arroyitoonline.com.ar\/index.php?rest_route=\/wp\/v2\/media\/8841"}],"wp:attachment":[{"href":"https:\/\/arroyitoonline.com.ar\/index.php?rest_route=%2Fwp%2Fv2%2Fmedia&parent=8840"}],"wp:term":[{"taxonomy":"category","embeddable":true,"href":"https:\/\/arroyitoonline.com.ar\/index.php?rest_route=%2Fwp%2Fv2%2Fcategories&post=8840"},{"taxonomy":"post_tag","embeddable":true,"href":"https:\/\/arroyitoonline.com.ar\/index.php?rest_route=%2Fwp%2Fv2%2Ftags&post=8840"}],"curies":[{"name":"wp","href":"https:\/\/api.w.org\/{rel}","templated":true}]}}