{"id":8846,"date":"2020-04-24T21:25:51","date_gmt":"2020-04-24T21:25:51","guid":{"rendered":"https:\/\/arroyitoonline.com.ar\/?p=8846"},"modified":"2020-05-03T16:58:27","modified_gmt":"2020-05-03T16:58:27","slug":"el-cea-realiza-capacitaciones-para-trabajadores-de-diferentes-rubros","status":"publish","type":"post","link":"https:\/\/arroyitoonline.com.ar\/?p=8846","title":{"rendered":"El CEA realiza capacitaciones para trabajadores de diferentes rubros"},"content":{"rendered":"\n<p><strong>Est\u00e1n destinadas a comerciantes, profesionales y trabajadores de oficio en general, para la disminuci\u00f3n del riesgo de contagio de Covid-19.<\/strong><\/p>\n\n\n\n<p>Ayer jueves 23 de abril el Gobierno Municipal desarroll\u00f3 una reuni\u00f3n con los integrantes del CEA, para la programaci\u00f3n de distintas actividades de capacitaci\u00f3n destinadas a los comercios locales, sobre los protocolos de atenci\u00f3n, manejo y reparto de la mercader\u00edas, as\u00ed como tambi\u00e9n protocolos de seguridad para trabajadores en general.<\/p>\n\n\n\n<p>Este trabajo, que se realiza de forma conjunta con el \u00e1rea de Habilitaciones, Comercio y Bromatolog\u00eda y el Centro Comercial e Industrial de Arroyito, tiene como objetivo la capacitaci\u00f3n a los comerciantes, profesionales y trabajadores de oficio en general, para la disminuci\u00f3n del riesgo de contagio de Covid-19, pensando en la potencial flexibilizaci\u00f3n de la cuarentena a futuro.<\/p>\n\n\n\n<p>Fuente: Comunicaci\u00f3n y Protocolo del Gobierno Municipal. <\/p>\n","protected":false},"excerpt":{"rendered":"<p>Est\u00e1n destinadas a comerciantes, profesionales y trabajadores de oficio en general, para la disminuci\u00f3n del riesgo de contagio de Covid-19.&hellip;<\/p>\n","protected":false},"author":3,"featured_media":8593,"comment_status":"closed","ping_status":"open","sticky":false,"template":"","format":"standard","meta":{"footnotes":""},"categories":[996],"tags":[66,67,836,153,168,217,1102,572,706],"class_list":["post-8846","post","type-post","status-publish","format-standard","has-post-thumbnail","hentry","category-comercio","tag-arroyito","tag-arroyito-cordoba","tag-arroyito-online","tag-capacitacion","tag-centro-comercial","tag-comercio","tag-gobierno-municipal","tag-noticias-de-arroyito-y-zona","tag-salud"],"_links":{"self":[{"href":"https:\/\/arroyitoonline.com.ar\/index.php?rest_route=\/wp\/v2\/posts\/8846","targetHints":{"allow":["GET"]}}],"collection":[{"href":"https:\/\/arroyitoonline.com.ar\/index.php?rest_route=\/wp\/v2\/posts"}],"about":[{"href":"https:\/\/arroyitoonline.com.ar\/index.php?rest_route=\/wp\/v2\/types\/post"}],"author":[{"embeddable":true,"href":"https:\/\/arroyitoonline.com.ar\/index.php?rest_route=\/wp\/v2\/users\/3"}],"replies":[{"embeddable":true,"href":"https:\/\/arroyitoonline.com.ar\/index.php?rest_route=%2Fwp%2Fv2%2Fcomments&post=8846"}],"version-history":[{"count":1,"href":"https:\/\/arroyitoonline.com.ar\/index.php?rest_route=\/wp\/v2\/posts\/8846\/revisions"}],"predecessor-version":[{"id":8847,"href":"https:\/\/arroyitoonline.com.ar\/index.php?rest_route=\/wp\/v2\/posts\/8846\/revisions\/8847"}],"wp:featuredmedia":[{"embeddable":true,"href":"https:\/\/arroyitoonline.com.ar\/index.php?rest_route=\/wp\/v2\/media\/8593"}],"wp:attachment":[{"href":"https:\/\/arroyitoonline.com.ar\/index.php?rest_route=%2Fwp%2Fv2%2Fmedia&parent=8846"}],"wp:term":[{"taxonomy":"category","embeddable":true,"href":"https:\/\/arroyitoonline.com.ar\/index.php?rest_route=%2Fwp%2Fv2%2Fcategories&post=8846"},{"taxonomy":"post_tag","embeddable":true,"href":"https:\/\/arroyitoonline.com.ar\/index.php?rest_route=%2Fwp%2Fv2%2Ftags&post=8846"}],"curies":[{"name":"wp","href":"https:\/\/api.w.org\/{rel}","templated":true}]}}