{"id":8857,"date":"2020-05-03T23:43:29","date_gmt":"2020-05-03T23:43:29","guid":{"rendered":"https:\/\/arroyitoonline.com.ar\/?p=8857"},"modified":"2020-05-03T23:43:33","modified_gmt":"2020-05-03T23:43:33","slug":"la-direccion-de-transito-labro-24-actas-por-irregularidades-en-un-solo-dia-2","status":"publish","type":"post","link":"https:\/\/arroyitoonline.com.ar\/?p=8857","title":{"rendered":"La Direcci\u00f3n de Tr\u00e1nsito labr\u00f3 24 actas por irregularidades, en un solo d\u00eda"},"content":{"rendered":"\n<p><strong>Junto a la Polic\u00eda, constataron 147 veh\u00edculos por la ma\u00f1ana y 86 veh\u00edculos y 96 personas por la tarde.<\/strong><\/p>\n\n\n\n<p>El Gobierno Municipal ha dispuesto ayer, operativos de control de Seguridad Vial, por pedido del intendente Gustavo Benedetti, en un trabajo conjunto entre la Direcci\u00f3n de Tr\u00e1nsito y la Polic\u00eda de la Provincia, a cargo del jefe de zona Diego Rodr\u00edguez, para asegurar el correcto cumplimiento del Aislamiento, durante la nueva fase de flexibilizaci\u00f3n.<\/p>\n\n\n\n<p>En este sentido, se han constatado 147 veh\u00edculos por la ma\u00f1ana y&nbsp;86 veh\u00edculos y 96 personas por la tarde, en seis controles fijos y m\u00f3viles, en distintos sectores de la ciudad.<\/p>\n\n\n\n<p>Durante el procedimiento se realizaron 24 actas de constataci\u00f3n de infracci\u00f3n a la ordenanza municipal vigente, las cuales acarrean multas por diferentes irregularidades.<\/p>\n\n\n\n<p>Fuente: Comunicaci\u00f3n y Protocolo del Gobierno Municipal. <\/p>\n","protected":false},"excerpt":{"rendered":"<p>Junto a la Polic\u00eda, constataron 147 veh\u00edculos por la ma\u00f1ana y 86 veh\u00edculos y 96 personas por la tarde. El&hellip;<\/p>\n","protected":false},"author":3,"featured_media":8855,"comment_status":"closed","ping_status":"open","sticky":false,"template":"","format":"standard","meta":{"footnotes":""},"categories":[942],"tags":[66,67,836,1102,968,572,638,825,771],"class_list":["post-8857","post","type-post","status-publish","format-standard","has-post-thumbnail","hentry","category-transito","tag-arroyito","tag-arroyito-cordoba","tag-arroyito-online","tag-gobierno-municipal","tag-gustavo-benedetti","tag-noticias-de-arroyito-y-zona","tag-policiales-arroyito","tag-policiales-online","tag-transito"],"_links":{"self":[{"href":"https:\/\/arroyitoonline.com.ar\/index.php?rest_route=\/wp\/v2\/posts\/8857","targetHints":{"allow":["GET"]}}],"collection":[{"href":"https:\/\/arroyitoonline.com.ar\/index.php?rest_route=\/wp\/v2\/posts"}],"about":[{"href":"https:\/\/arroyitoonline.com.ar\/index.php?rest_route=\/wp\/v2\/types\/post"}],"author":[{"embeddable":true,"href":"https:\/\/arroyitoonline.com.ar\/index.php?rest_route=\/wp\/v2\/users\/3"}],"replies":[{"embeddable":true,"href":"https:\/\/arroyitoonline.com.ar\/index.php?rest_route=%2Fwp%2Fv2%2Fcomments&post=8857"}],"version-history":[{"count":1,"href":"https:\/\/arroyitoonline.com.ar\/index.php?rest_route=\/wp\/v2\/posts\/8857\/revisions"}],"predecessor-version":[{"id":8858,"href":"https:\/\/arroyitoonline.com.ar\/index.php?rest_route=\/wp\/v2\/posts\/8857\/revisions\/8858"}],"wp:featuredmedia":[{"embeddable":true,"href":"https:\/\/arroyitoonline.com.ar\/index.php?rest_route=\/wp\/v2\/media\/8855"}],"wp:attachment":[{"href":"https:\/\/arroyitoonline.com.ar\/index.php?rest_route=%2Fwp%2Fv2%2Fmedia&parent=8857"}],"wp:term":[{"taxonomy":"category","embeddable":true,"href":"https:\/\/arroyitoonline.com.ar\/index.php?rest_route=%2Fwp%2Fv2%2Fcategories&post=8857"},{"taxonomy":"post_tag","embeddable":true,"href":"https:\/\/arroyitoonline.com.ar\/index.php?rest_route=%2Fwp%2Fv2%2Ftags&post=8857"}],"curies":[{"name":"wp","href":"https:\/\/api.w.org\/{rel}","templated":true}]}}