{"id":8861,"date":"2020-05-04T16:25:10","date_gmt":"2020-05-04T16:25:10","guid":{"rendered":"https:\/\/arroyitoonline.com.ar\/?p=8861"},"modified":"2020-05-04T16:25:10","modified_gmt":"2020-05-04T16:25:10","slug":"cravero-si-nos-bajamos-20-el-sueldo-podemos-comprar-cinco-o-seis-respiradores","status":"publish","type":"post","link":"https:\/\/arroyitoonline.com.ar\/?p=8861","title":{"rendered":"Cravero: &#8220;si nos bajamos 20% el sueldo, podemos comprar cinco o seis respiradores&#8221;"},"content":{"rendered":"\n<p><strong>En la sesi\u00f3n del jueves pasado, el proyecto para la reducci\u00f3n de las dietas de la planta pol\u00edtica pas\u00f3 a comisi\u00f3n y no tuvo tratamiento sobre tablas. <\/strong><\/p>\n\n\n\n<p>El jueves pasado sesion\u00f3 el Concejo Deliberante, una vez m\u00e1s, a trav\u00e9s de videoconferencia. La reuni\u00f3n virtual fue encabezada por la presidenta provisoria del cuerpo, Alejandra D\u00edaz, en ausencia de la viceintendenta Mar\u00eda Jos\u00e9 Esp\u00f3sito, quien <a href=\"https:\/\/arroyitoonline.com.ar\/noticias\/la-salud-de-la-viceintendenta-evoluciona-de-manera-favorable\/\">se recupera de una descompensaci\u00f3n<\/a>. <\/p>\n\n\n\n<p>En la oportunidad, un solo proyecto result\u00f3 aprobado por unanimidad, y fue el \u00fanico presentado por el Departamento Ejecutivo Municipal. Se trata de <em>\u201cAutorizar al Departamento Ejecutivo Municipal a suscribir el acuerdo marco entre la Municipalidad de Arroyito y la Asociaci\u00f3n de Vivienda Econ\u00f3mica (AVE)\u201d<\/em>. <\/p>\n\n\n\n<p>De este modo se dispone la vinculaci\u00f3n formal entre ambas instituciones, para contribuir a que mejore el h\u00e1bitat y con miras al fortalecimiento del desarrollo local, mediante la producci\u00f3n de conocimientos, acompa\u00f1amiento de procesos de gesti\u00f3n de Residuos S\u00f3lidos Urbanos, brindando soluciones habitacionales, reduciendo el impacto ambiental y creando puestos de trabajo.<\/p>\n\n\n\n<p>La AVE, que es una asociaci\u00f3n civil sin fines de lucro, Unidad de Vinculaci\u00f3n Tecnol\u00f3gica, mantiene un convenio con Conicet para la regulaci\u00f3n del funcionamiento del Centro Experimental de la Vivienda Econ\u00f3mica.<\/p>\n\n\n\n<p>En cambio los proyectos propuestos por el Bloque de la Uni\u00f3n C\u00edvica Radical fueron enviados a Comisi\u00f3n. Tanto <em>\u201cReducci\u00f3n de sueldos en personal de planta pol\u00edtica de la Municipalidad de Arroyito (intendente, concejales, Tribunal de Cuentas, secretarios, directores y asesores) para la creaci\u00f3n de una Comisi\u00f3n de Emergencia social y sanitaria, asistir a las personas que viven en situaci\u00f3n de vulnerabilidad.\u201d<\/em>; como <em>\u201cEximici\u00f3n de tasa de comercio, industria y de servicios a los comercios afectados a la cuarentena\u201d<\/em>; y la resoluci\u00f3n: \u201cFinanciamiento de cr\u00e9ditos a tasa cero por parte de las mutuales de la ciudad\u201d, no tuvieron tratamiento sobre tablas. <\/p>\n\n\n\n<figure class=\"wp-block-image\"><img loading=\"lazy\" decoding=\"async\" width=\"915\" height=\"515\" src=\"https:\/\/arroyitoonline.com.ar\/wp-content\/uploads\/2020\/05\/sesi\u00f3n-online.jpg\" alt=\"\" class=\"wp-image-8862\" srcset=\"https:\/\/arroyitoonline.com.ar\/wp-content\/uploads\/2020\/05\/sesi\u00f3n-online.jpg 915w, https:\/\/arroyitoonline.com.ar\/wp-content\/uploads\/2020\/05\/sesi\u00f3n-online-300x169.jpg 300w, https:\/\/arroyitoonline.com.ar\/wp-content\/uploads\/2020\/05\/sesi\u00f3n-online-768x432.jpg 768w\" sizes=\"auto, (max-width: 915px) 100vw, 915px\" \/><\/figure>\n\n\n\n<p><strong>La defensa de Cravero<\/strong><\/p>\n\n\n\n<p>La reducci\u00f3n de dietas de la planta pol\u00edtica fue presentada por Mauricio Cravero, Lidia Mart\u00ednez y Carlos Francisca el 28 de marzo pasado. <em>&#8220;Hoy lo pudimos tratar, m\u00e1s de un mes despu\u00e9s, con muchas cosas que fueron pasando, en el medio de la pandemia, donde las cosas van pasando mucho m\u00e1s r\u00e1pido de lo que uno cree&#8221;<\/em>, explic\u00f3 cuando inici\u00f3 su defensa del tema en la sesi\u00f3n, el exintendente devenido en edil radical.<\/p>\n\n\n\n<p>Cravero tambi\u00e9n se\u00f1al\u00f3 que, aunque no se pon\u00edan de acuerdo con el porcentaje de la quita, <em>&#8220;estamos convencidos de que la planta pol\u00edtica nos tenemos que reducir los sueldos como un gesto para con la sociedad. Hay un mont\u00f3n de ejemplos a niveles provincial y nacional&#8221;<\/em> y les solicit\u00f3 a sus colegas que <em>&#8220;tenemos que hacer un esfuerzo, esta vez m\u00e1s que nunca&#8221;<\/em>. <\/p>\n\n\n\n<p>Nueve meses de descuentos para toda la planta pol\u00edtica, entre 35 y 40 personas contando intendente, vice, concejales, tribunos de cuentas, secretarios, directores y asesores, significar\u00edan un ahorro mensual de m\u00e1s de $550.000. En total, unos cinco millones de pesos, que se destinar\u00edan a la conformaci\u00f3n de una comisi\u00f3n para la asistencia de quienes m\u00e1s sufren la pandemia. <\/p>\n\n\n\n<p><em>&#8220;\u00bfQu\u00e9 podemos hacer con cinco millones de pesos?&#8221;<\/em>, se pregunt\u00f3 Cravero: <em>&#8220;Comprar cientos y miles de barbijos N 95 y de los comunes, cinco o seis respiradores (sabiendo que el hospital tiene nada m\u00e1s que tres), comprar descartables, equipos de protecci\u00f3n y para traslados y lo que se puede trabajar en incentivos para las personas que se dedican a la salud, reforzando los salarios de los m\u00e9dicos, enfermeros, cocineras, personal de limpieza, que hacen un trabajo a destajo&#8221;<\/em>.<\/p>\n\n\n\n<p><em>&#8220;Acci\u00f3n Social tiene nueve millones y con estos cinco millones, se puede incrementar en un 55% esa partida. Hay que involucrar a toda la planta pol\u00edtica, solo la excepci\u00f3n que est\u00e1 en el articulado, que en la Salud no se puede hacer el descuento y podemos incorporar otras \u00e1reas, como direcci\u00f3n de Tr\u00e1nsito, que esta pandemia las ha hecho trabajar el doble, pero en otras, trabajaron muy poco producto de que la actividad fue menor, porque nos quedamos todos en casa&#8221;<\/em>, finaliz\u00f3 el exintendente en su argumentaci\u00f3n.<\/p>\n\n\n\n<p>La foto de la sesi\u00f3n es gentileza del Gobierno Municipal. <\/p>\n","protected":false},"excerpt":{"rendered":"<p>En la sesi\u00f3n del jueves pasado, el proyecto para la reducci\u00f3n de las dietas de la planta pol\u00edtica pas\u00f3 a&hellip;<\/p>\n","protected":false},"author":3,"featured_media":5877,"comment_status":"closed","ping_status":"open","sticky":false,"template":"","format":"standard","meta":{"footnotes":""},"categories":[920],"tags":[66,67,836,891,226,227,1108,253,1102,426,527,572],"class_list":["post-8861","post","type-post","status-publish","format-standard","has-post-thumbnail","hentry","category-concejo-deliberante-online","tag-arroyito","tag-arroyito-cordoba","tag-arroyito-online","tag-concejales","tag-concejo","tag-concejo-deliberante","tag-coronavirus","tag-cravero","tag-gobierno-municipal","tag-hospital","tag-mauricio-cravero","tag-noticias-de-arroyito-y-zona"],"_links":{"self":[{"href":"https:\/\/arroyitoonline.com.ar\/index.php?rest_route=\/wp\/v2\/posts\/8861","targetHints":{"allow":["GET"]}}],"collection":[{"href":"https:\/\/arroyitoonline.com.ar\/index.php?rest_route=\/wp\/v2\/posts"}],"about":[{"href":"https:\/\/arroyitoonline.com.ar\/index.php?rest_route=\/wp\/v2\/types\/post"}],"author":[{"embeddable":true,"href":"https:\/\/arroyitoonline.com.ar\/index.php?rest_route=\/wp\/v2\/users\/3"}],"replies":[{"embeddable":true,"href":"https:\/\/arroyitoonline.com.ar\/index.php?rest_route=%2Fwp%2Fv2%2Fcomments&post=8861"}],"version-history":[{"count":1,"href":"https:\/\/arroyitoonline.com.ar\/index.php?rest_route=\/wp\/v2\/posts\/8861\/revisions"}],"predecessor-version":[{"id":8863,"href":"https:\/\/arroyitoonline.com.ar\/index.php?rest_route=\/wp\/v2\/posts\/8861\/revisions\/8863"}],"wp:featuredmedia":[{"embeddable":true,"href":"https:\/\/arroyitoonline.com.ar\/index.php?rest_route=\/wp\/v2\/media\/5877"}],"wp:attachment":[{"href":"https:\/\/arroyitoonline.com.ar\/index.php?rest_route=%2Fwp%2Fv2%2Fmedia&parent=8861"}],"wp:term":[{"taxonomy":"category","embeddable":true,"href":"https:\/\/arroyitoonline.com.ar\/index.php?rest_route=%2Fwp%2Fv2%2Fcategories&post=8861"},{"taxonomy":"post_tag","embeddable":true,"href":"https:\/\/arroyitoonline.com.ar\/index.php?rest_route=%2Fwp%2Fv2%2Ftags&post=8861"}],"curies":[{"name":"wp","href":"https:\/\/api.w.org\/{rel}","templated":true}]}}