{"id":8870,"date":"2020-05-04T21:08:04","date_gmt":"2020-05-04T21:08:04","guid":{"rendered":"https:\/\/arroyitoonline.com.ar\/?p=8870"},"modified":"2020-05-04T21:08:15","modified_gmt":"2020-05-04T21:08:15","slug":"violo-el-aislamiento-obligatorio-para-ir-a-tomar-algo-con-su-hermano-y-fue-detenido","status":"publish","type":"post","link":"https:\/\/arroyitoonline.com.ar\/?p=8870","title":{"rendered":"Viol\u00f3 el aislamiento obligatorio para ir a tomar algo con su hermano y fue detenido"},"content":{"rendered":"\n<p><strong>Se trata de un hombre de 34 a\u00f1os. Qued\u00f3 alojado en la Comisar\u00eda y su auto fue secuestrado.<\/strong><\/p>\n\n\n\n<p>El viernes a las 20:45 horas, un m\u00f3vil policial traslad\u00f3, desde Av. A. Illia esquina V\u00e9lez Sarsfield, a un hombre de 34 a\u00f1os. El sujeto andaba en una Renault 18 Break color verde y, al consultarle los uniformados si conoc\u00eda el Decreto de Necesidad y Urgencia, \u00e9l manifest\u00f3 que lo conoc\u00eda pero que se iba a tomar algo con su hermano.<\/p>\n\n\n\n<p>Acto seguido fue trasladado a la Comisar\u00eda, donde se hizo entrega del procedimiento en la Unidad Judicial quedando alojado por supuesta infracci\u00f3n al art\u00edculo 205 (Ser\u00e1 reprimido con prisi\u00f3n de seis meses a dos a\u00f1os, el que violare las medidas adoptadas por las autoridades competentes, para impedir la introducci\u00f3n o propagaci\u00f3n de una epidemia) del C\u00f3digo Penal, a disposici\u00f3n de la Fiscal\u00eda local procediendo al secuestro del auto. Fuente: informe del jefe de Zona de Inspecci\u00f3n N\u00b04 \u2013 comisario Inspector Diego Rodr\u00edguez.<\/p>\n","protected":false},"excerpt":{"rendered":"<p>Se trata de un hombre de 34 a\u00f1os. Qued\u00f3 alojado en la Comisar\u00eda y su auto fue secuestrado. El viernes&hellip;<\/p>\n","protected":false},"author":3,"featured_media":8868,"comment_status":"closed","ping_status":"open","sticky":false,"template":"","format":"standard","meta":{"footnotes":""},"categories":[824],"tags":[1120,66,67,836,1108,1119,572,635,637,638,825],"class_list":["post-8870","post","type-post","status-publish","format-standard","has-post-thumbnail","hentry","category-policiales-online","tag-aislamiento","tag-arroyito","tag-arroyito-cordoba","tag-arroyito-online","tag-coronavirus","tag-cuarentena","tag-noticias-de-arroyito-y-zona","tag-policia","tag-policiales","tag-policiales-arroyito","tag-policiales-online"],"_links":{"self":[{"href":"https:\/\/arroyitoonline.com.ar\/index.php?rest_route=\/wp\/v2\/posts\/8870","targetHints":{"allow":["GET"]}}],"collection":[{"href":"https:\/\/arroyitoonline.com.ar\/index.php?rest_route=\/wp\/v2\/posts"}],"about":[{"href":"https:\/\/arroyitoonline.com.ar\/index.php?rest_route=\/wp\/v2\/types\/post"}],"author":[{"embeddable":true,"href":"https:\/\/arroyitoonline.com.ar\/index.php?rest_route=\/wp\/v2\/users\/3"}],"replies":[{"embeddable":true,"href":"https:\/\/arroyitoonline.com.ar\/index.php?rest_route=%2Fwp%2Fv2%2Fcomments&post=8870"}],"version-history":[{"count":1,"href":"https:\/\/arroyitoonline.com.ar\/index.php?rest_route=\/wp\/v2\/posts\/8870\/revisions"}],"predecessor-version":[{"id":8871,"href":"https:\/\/arroyitoonline.com.ar\/index.php?rest_route=\/wp\/v2\/posts\/8870\/revisions\/8871"}],"wp:featuredmedia":[{"embeddable":true,"href":"https:\/\/arroyitoonline.com.ar\/index.php?rest_route=\/wp\/v2\/media\/8868"}],"wp:attachment":[{"href":"https:\/\/arroyitoonline.com.ar\/index.php?rest_route=%2Fwp%2Fv2%2Fmedia&parent=8870"}],"wp:term":[{"taxonomy":"category","embeddable":true,"href":"https:\/\/arroyitoonline.com.ar\/index.php?rest_route=%2Fwp%2Fv2%2Fcategories&post=8870"},{"taxonomy":"post_tag","embeddable":true,"href":"https:\/\/arroyitoonline.com.ar\/index.php?rest_route=%2Fwp%2Fv2%2Ftags&post=8870"}],"curies":[{"name":"wp","href":"https:\/\/api.w.org\/{rel}","templated":true}]}}