{"id":8876,"date":"2020-05-05T22:09:04","date_gmt":"2020-05-05T22:09:04","guid":{"rendered":"https:\/\/arroyitoonline.com.ar\/?p=8876"},"modified":"2020-05-05T22:09:08","modified_gmt":"2020-05-05T22:09:08","slug":"la-esc-jose-gimenez-lagos-soplo-99-velitas","status":"publish","type":"post","link":"https:\/\/arroyitoonline.com.ar\/?p=8876","title":{"rendered":"\u00a1La Esc. Jos\u00e9 Gim\u00e9nez Lagos sopl\u00f3 99 velitas!"},"content":{"rendered":"\n<p><strong>La instituci\u00f3n debe su nombre al fundador y quien fuera su primer director, quien la inici\u00f3 en 1921.<\/strong><\/p>\n\n\n\n<p>Este domingo 3 de mayo, la Escuela Jos\u00e9 Gim\u00e9nez Lagos cumpli\u00f3 su 99\u00b0 Aniversario. Desde el Gobierno Municipal, a trav\u00e9s del intendente Gustavo Benedetti y su equipo, agradecieron <em>&#8220;enormemente su aporte a la ciudad, mediante un trabajo incansable por la educaci\u00f3n de nuestros vecinos y vecinas&#8221;<\/em>. <\/p>\n\n\n\n<p>La Escuela Jos\u00e9 Gim\u00e9nez Lagos lleva el nombre de su fundador y primer director, quien dio inicio a esta instituci\u00f3n en 1921, creando la Escuela Nacional N\u00b0 198 en Colonia Villa Ullua, que fue traslada a la Estaci\u00f3n Arroyito el 11 de septiembre de 1928 y cuenta con su edificio propio desde 1951.\u00a0<\/p>\n\n\n\n<p><em>&#8220;Agradecemos y felicitamos a su directora M\u00f3nica Romero quien, por su arduo trabajo y en conjunto con su equipo de docentes, ha logrado que se mantenga la entidad como ejemplo de ense\u00f1anza, formando a estudiantes con sentido cr\u00edtico y autonom\u00eda de trabajo. Desde ayer hasta hoy, sosteniendo a la educaci\u00f3n como proceso esencial para el progreso de nuestra comunidad. \u00a1Felicidades!&#8221;<\/em>, finalizaron desde el Gobierno Municipal.<\/p>\n\n\n\n<p>Fuente: Comunicaci\u00f3n y Protocolo del Gobierno Municipal.<\/p>\n\n\n\n<p>La foto de portada es gentileza de LUIS PAES.<\/p>\n","protected":false},"excerpt":{"rendered":"<p>La instituci\u00f3n debe su nombre al fundador y quien fuera su primer director, quien la inici\u00f3 en 1921. Este domingo&hellip;<\/p>\n","protected":false},"author":3,"featured_media":8878,"comment_status":"closed","ping_status":"open","sticky":false,"template":"","format":"standard","meta":{"footnotes":""},"categories":[830],"tags":[66,67,836,115,310,952,1102,968,572],"class_list":["post-8876","post","type-post","status-publish","format-standard","has-post-thumbnail","hentry","category-educacion-online","tag-arroyito","tag-arroyito-cordoba","tag-arroyito-online","tag-benedetti","tag-educacion","tag-escuela-jose-gimenez-lagos","tag-gobierno-municipal","tag-gustavo-benedetti","tag-noticias-de-arroyito-y-zona"],"_links":{"self":[{"href":"https:\/\/arroyitoonline.com.ar\/index.php?rest_route=\/wp\/v2\/posts\/8876","targetHints":{"allow":["GET"]}}],"collection":[{"href":"https:\/\/arroyitoonline.com.ar\/index.php?rest_route=\/wp\/v2\/posts"}],"about":[{"href":"https:\/\/arroyitoonline.com.ar\/index.php?rest_route=\/wp\/v2\/types\/post"}],"author":[{"embeddable":true,"href":"https:\/\/arroyitoonline.com.ar\/index.php?rest_route=\/wp\/v2\/users\/3"}],"replies":[{"embeddable":true,"href":"https:\/\/arroyitoonline.com.ar\/index.php?rest_route=%2Fwp%2Fv2%2Fcomments&post=8876"}],"version-history":[{"count":1,"href":"https:\/\/arroyitoonline.com.ar\/index.php?rest_route=\/wp\/v2\/posts\/8876\/revisions"}],"predecessor-version":[{"id":8879,"href":"https:\/\/arroyitoonline.com.ar\/index.php?rest_route=\/wp\/v2\/posts\/8876\/revisions\/8879"}],"wp:featuredmedia":[{"embeddable":true,"href":"https:\/\/arroyitoonline.com.ar\/index.php?rest_route=\/wp\/v2\/media\/8878"}],"wp:attachment":[{"href":"https:\/\/arroyitoonline.com.ar\/index.php?rest_route=%2Fwp%2Fv2%2Fmedia&parent=8876"}],"wp:term":[{"taxonomy":"category","embeddable":true,"href":"https:\/\/arroyitoonline.com.ar\/index.php?rest_route=%2Fwp%2Fv2%2Fcategories&post=8876"},{"taxonomy":"post_tag","embeddable":true,"href":"https:\/\/arroyitoonline.com.ar\/index.php?rest_route=%2Fwp%2Fv2%2Ftags&post=8876"}],"curies":[{"name":"wp","href":"https:\/\/api.w.org\/{rel}","templated":true}]}}