{"id":8884,"date":"2020-05-05T22:54:49","date_gmt":"2020-05-05T22:54:49","guid":{"rendered":"https:\/\/arroyitoonline.com.ar\/?p=8884"},"modified":"2020-05-05T22:54:51","modified_gmt":"2020-05-05T22:54:51","slug":"la-unidad-de-terapia-intensiva-del-hospital-municipal-cumplio-11-anos","status":"publish","type":"post","link":"https:\/\/arroyitoonline.com.ar\/?p=8884","title":{"rendered":"La Unidad de Terapia Intensiva del hospital municipal cumpli\u00f3 11 a\u00f1os"},"content":{"rendered":"\n<p><strong>Su inauguraci\u00f3n fue gestionada y materializada durante la segunda gesti\u00f3n del actual intendente Gustavo Benedetti.<\/strong><\/p>\n\n\n\n<p>Ayer lunes 4 de mayo se cumplieron 11 a\u00f1os de la inauguraci\u00f3n de la Unidad de Terapia Intensiva (UTI) del Hospital Municipal Carlos J. Rodr\u00edguez.<\/p>\n\n\n\n<p>La inauguraci\u00f3n de la terapia fue gestionada y materializada en el segundo mandato del actual intendente Gustavo Benedetti y cont\u00f3 con la presencia gobernador de la Provincia de C\u00f3rdoba de aquel periodo, Juan Schiaretti, y su ministro de Salud, Oscar Gonz\u00e1lez.<\/p>\n\n\n\n<p><em>&#8220;Gracias a esta unidad hemos garantizado la salud de muchos vecinos y vecinas de nuestra localidad y alrededores, a lo largo de los a\u00f1os, y hoy podemos hacerle frente a la situaci\u00f3n epidemiol\u00f3gica actual con m\u00e1s recursos y mayor solidez&#8221;<\/em>, se\u00f1alaron desde el Gobierno Municipal. <\/p>\n\n\n\n<p>Fuente: Comunicaci\u00f3n y Protocolo del Gobierno Municipal. <\/p>\n","protected":false},"excerpt":{"rendered":"<p>Su inauguraci\u00f3n fue gestionada y materializada durante la segunda gesti\u00f3n del actual intendente Gustavo Benedetti. Ayer lunes 4 de mayo&hellip;<\/p>\n","protected":false},"author":3,"featured_media":8886,"comment_status":"closed","ping_status":"open","sticky":false,"template":"","format":"standard","meta":{"footnotes":""},"categories":[9],"tags":[66,67,836,1102,968,426,572,706],"class_list":["post-8884","post","type-post","status-publish","format-standard","has-post-thumbnail","hentry","category-infosalud","tag-arroyito","tag-arroyito-cordoba","tag-arroyito-online","tag-gobierno-municipal","tag-gustavo-benedetti","tag-hospital","tag-noticias-de-arroyito-y-zona","tag-salud"],"_links":{"self":[{"href":"https:\/\/arroyitoonline.com.ar\/index.php?rest_route=\/wp\/v2\/posts\/8884","targetHints":{"allow":["GET"]}}],"collection":[{"href":"https:\/\/arroyitoonline.com.ar\/index.php?rest_route=\/wp\/v2\/posts"}],"about":[{"href":"https:\/\/arroyitoonline.com.ar\/index.php?rest_route=\/wp\/v2\/types\/post"}],"author":[{"embeddable":true,"href":"https:\/\/arroyitoonline.com.ar\/index.php?rest_route=\/wp\/v2\/users\/3"}],"replies":[{"embeddable":true,"href":"https:\/\/arroyitoonline.com.ar\/index.php?rest_route=%2Fwp%2Fv2%2Fcomments&post=8884"}],"version-history":[{"count":1,"href":"https:\/\/arroyitoonline.com.ar\/index.php?rest_route=\/wp\/v2\/posts\/8884\/revisions"}],"predecessor-version":[{"id":8887,"href":"https:\/\/arroyitoonline.com.ar\/index.php?rest_route=\/wp\/v2\/posts\/8884\/revisions\/8887"}],"wp:featuredmedia":[{"embeddable":true,"href":"https:\/\/arroyitoonline.com.ar\/index.php?rest_route=\/wp\/v2\/media\/8886"}],"wp:attachment":[{"href":"https:\/\/arroyitoonline.com.ar\/index.php?rest_route=%2Fwp%2Fv2%2Fmedia&parent=8884"}],"wp:term":[{"taxonomy":"category","embeddable":true,"href":"https:\/\/arroyitoonline.com.ar\/index.php?rest_route=%2Fwp%2Fv2%2Fcategories&post=8884"},{"taxonomy":"post_tag","embeddable":true,"href":"https:\/\/arroyitoonline.com.ar\/index.php?rest_route=%2Fwp%2Fv2%2Ftags&post=8884"}],"curies":[{"name":"wp","href":"https:\/\/api.w.org\/{rel}","templated":true}]}}