{"id":8901,"date":"2020-05-05T23:53:16","date_gmt":"2020-05-05T23:53:16","guid":{"rendered":"https:\/\/arroyitoonline.com.ar\/?p=8901"},"modified":"2020-05-05T23:53:20","modified_gmt":"2020-05-05T23:53:20","slug":"el-prenaf-trabaja-de-manera-activa-durante-el-aislamiento-obligatorio","status":"publish","type":"post","link":"https:\/\/arroyitoonline.com.ar\/?p=8901","title":{"rendered":"El PreNAF trabaja de manera activa, durante el Aislamiento Obligatorio"},"content":{"rendered":"\n<p><strong>La oficina de Prevenci\u00f3n, Ni\u00f1ez, Adolescencia y Familia acompa\u00f1a durante el per\u00edodo de cuarentena atendiendo de maneras personal y telef\u00f3nica.<\/strong><\/p>\n\n\n\n<p>La oficina de PreNAF (Prevenci\u00f3n, Ni\u00f1ez, Adolescencia y Familia) sigue trabajando y acompa\u00f1ando a los ni\u00f1os, las ni\u00f1as, los adolescentes y las familias, durante el per\u00edodo de Aislamiento Social Preventivo y Obligatorio.<\/p>\n\n\n\n<figure class=\"wp-block-image size-large\"><img loading=\"lazy\" decoding=\"async\" width=\"1024\" height=\"1024\" src=\"https:\/\/arroyitoonline.com.ar\/wp-content\/uploads\/2020\/05\/prenaf-1024x1024.jpeg\" alt=\"\" class=\"wp-image-8902\" srcset=\"https:\/\/arroyitoonline.com.ar\/wp-content\/uploads\/2020\/05\/prenaf-1024x1024.jpeg 1024w, https:\/\/arroyitoonline.com.ar\/wp-content\/uploads\/2020\/05\/prenaf-300x300.jpeg 300w, https:\/\/arroyitoonline.com.ar\/wp-content\/uploads\/2020\/05\/prenaf-150x150.jpeg 150w, https:\/\/arroyitoonline.com.ar\/wp-content\/uploads\/2020\/05\/prenaf-768x768.jpeg 768w, https:\/\/arroyitoonline.com.ar\/wp-content\/uploads\/2020\/05\/prenaf.jpeg 1181w\" sizes=\"auto, (max-width: 1024px) 100vw, 1024px\" \/><\/figure>\n\n\n\n<p>Las personas que deseen realizar consultas pueden acercarse a la oficina de PreNAF -ubicada en Av. Marcial Vaudagna 845-, de lunes a viernes de 7:00 a 14:00 horas, o comunicarse al siguiente n\u00famero: (3576) 452983.<br><\/p>\n\n\n\n<p>PreNAF aconseja que, durante este tiempo de cuarentena y siempre: <em>&#8220;ames, cuides, respetes y valores a tu familia&#8221;<\/em>.<\/p>\n\n\n\n<p>Fuente: Comunicaci\u00f3n y Protocolo del Gobierno Municipal.<\/p>\n","protected":false},"excerpt":{"rendered":"<p>La oficina de Prevenci\u00f3n, Ni\u00f1ez, Adolescencia y Familia acompa\u00f1a durante el per\u00edodo de cuarentena atendiendo de maneras personal y telef\u00f3nica.&hellip;<\/p>\n","protected":false},"author":3,"featured_media":8904,"comment_status":"closed","ping_status":"open","sticky":false,"template":"","format":"standard","meta":{"footnotes":""},"categories":[962],"tags":[31,1120,66,67,836,1108,1119,357,1102,570,572,647],"class_list":["post-8901","post","type-post","status-publish","format-standard","has-post-thumbnail","hentry","category-ninez-y-adolescencia","tag-adolescentes","tag-aislamiento","tag-arroyito","tag-arroyito-cordoba","tag-arroyito-online","tag-coronavirus","tag-cuarentena","tag-familia","tag-gobierno-municipal","tag-ninez","tag-noticias-de-arroyito-y-zona","tag-prenaf"],"_links":{"self":[{"href":"https:\/\/arroyitoonline.com.ar\/index.php?rest_route=\/wp\/v2\/posts\/8901","targetHints":{"allow":["GET"]}}],"collection":[{"href":"https:\/\/arroyitoonline.com.ar\/index.php?rest_route=\/wp\/v2\/posts"}],"about":[{"href":"https:\/\/arroyitoonline.com.ar\/index.php?rest_route=\/wp\/v2\/types\/post"}],"author":[{"embeddable":true,"href":"https:\/\/arroyitoonline.com.ar\/index.php?rest_route=\/wp\/v2\/users\/3"}],"replies":[{"embeddable":true,"href":"https:\/\/arroyitoonline.com.ar\/index.php?rest_route=%2Fwp%2Fv2%2Fcomments&post=8901"}],"version-history":[{"count":1,"href":"https:\/\/arroyitoonline.com.ar\/index.php?rest_route=\/wp\/v2\/posts\/8901\/revisions"}],"predecessor-version":[{"id":8905,"href":"https:\/\/arroyitoonline.com.ar\/index.php?rest_route=\/wp\/v2\/posts\/8901\/revisions\/8905"}],"wp:featuredmedia":[{"embeddable":true,"href":"https:\/\/arroyitoonline.com.ar\/index.php?rest_route=\/wp\/v2\/media\/8904"}],"wp:attachment":[{"href":"https:\/\/arroyitoonline.com.ar\/index.php?rest_route=%2Fwp%2Fv2%2Fmedia&parent=8901"}],"wp:term":[{"taxonomy":"category","embeddable":true,"href":"https:\/\/arroyitoonline.com.ar\/index.php?rest_route=%2Fwp%2Fv2%2Fcategories&post=8901"},{"taxonomy":"post_tag","embeddable":true,"href":"https:\/\/arroyitoonline.com.ar\/index.php?rest_route=%2Fwp%2Fv2%2Ftags&post=8901"}],"curies":[{"name":"wp","href":"https:\/\/api.w.org\/{rel}","templated":true}]}}