{"id":8919,"date":"2020-05-07T03:51:28","date_gmt":"2020-05-07T03:51:28","guid":{"rendered":"https:\/\/arroyitoonline.com.ar\/?p=8919"},"modified":"2020-05-07T03:51:30","modified_gmt":"2020-05-07T03:51:30","slug":"desde-el-viernes-el-uso-de-tapabocas-sera-obligatorio-en-arroyito","status":"publish","type":"post","link":"https:\/\/arroyitoonline.com.ar\/?p=8919","title":{"rendered":"Desde el viernes, el uso de tapabocas ser\u00e1 obligatorio en Arroyito"},"content":{"rendered":"\n<p><strong>Habr\u00e1 que usarlos para el ingreso y la atenci\u00f3n en comercios, oficinas y espacios p\u00fablicos cerrados de toda la ciudad.<\/strong><\/p>\n\n\n\n<p>Seg\u00fan la disposici\u00f3n 197\/2020 del Gobierno Nacional, donde se faculta a los Municipios para que dicten las medidas correspondientes conforme hagan cumplir los recaudos referidos al Aislamiento Social Preventivo y Obligatorio, el intendente, Gustavo Benedetti, en uso de sus atribuciones, ha decretado el d\u00eda de hoy, el uso de barbijos (tapabocas caseros) para el ingreso y la atenci\u00f3n en comercios, oficinas y espacios p\u00fablicos cerrados de toda la ciudad, de manera obligatoria.<\/p>\n\n\n\n<figure class=\"wp-block-image size-large\"><img loading=\"lazy\" decoding=\"async\" width=\"1024\" height=\"1024\" src=\"https:\/\/arroyitoonline.com.ar\/wp-content\/uploads\/2020\/05\/uso-obligatorio-barbijo-1024x1024.jpeg\" alt=\"\" class=\"wp-image-8920\" srcset=\"https:\/\/arroyitoonline.com.ar\/wp-content\/uploads\/2020\/05\/uso-obligatorio-barbijo-1024x1024.jpeg 1024w, https:\/\/arroyitoonline.com.ar\/wp-content\/uploads\/2020\/05\/uso-obligatorio-barbijo-300x300.jpeg 300w, https:\/\/arroyitoonline.com.ar\/wp-content\/uploads\/2020\/05\/uso-obligatorio-barbijo-150x150.jpeg 150w, https:\/\/arroyitoonline.com.ar\/wp-content\/uploads\/2020\/05\/uso-obligatorio-barbijo-768x768.jpeg 768w, https:\/\/arroyitoonline.com.ar\/wp-content\/uploads\/2020\/05\/uso-obligatorio-barbijo.jpeg 1181w\" sizes=\"auto, (max-width: 1024px) 100vw, 1024px\" \/><\/figure>\n\n\n\n<p>La medida de car\u00e1cter obligatorio, que regir\u00e1 desde el pr\u00f3ximo viernes 8 de mayo, tiene como objetivo que se maximicen las medidas de prevenci\u00f3n a fin de que se reduzca, al m\u00ednimo, las posibilidades de contagio.<br><\/p>\n\n\n\n<p>Es importante el respeto de \u00e9sta y todas medidas de prevenci\u00f3n, evitando as\u00ed, contagiar y contagiarnos.<\/p>\n\n\n\n<p>Fuente: Comunicaci\u00f3n y Protocolo del Gobierno Municipal.<\/p>\n\n\n\n<p>La foto de portada es solo a modo ilustrativo.<\/p>\n","protected":false},"excerpt":{"rendered":"<p>Habr\u00e1 que usarlos para el ingreso y la atenci\u00f3n en comercios, oficinas y espacios p\u00fablicos cerrados de toda la ciudad.&hellip;<\/p>\n","protected":false},"author":3,"featured_media":8921,"comment_status":"closed","ping_status":"open","sticky":false,"template":"","format":"standard","meta":{"footnotes":""},"categories":[9],"tags":[1120,66,67,836,1108,1119,857,572,1144],"class_list":["post-8919","post","type-post","status-publish","format-standard","has-post-thumbnail","hentry","category-infosalud","tag-aislamiento","tag-arroyito","tag-arroyito-cordoba","tag-arroyito-online","tag-coronavirus","tag-cuarentena","tag-gobierno-nacional","tag-noticias-de-arroyito-y-zona","tag-tapabocas"],"_links":{"self":[{"href":"https:\/\/arroyitoonline.com.ar\/index.php?rest_route=\/wp\/v2\/posts\/8919","targetHints":{"allow":["GET"]}}],"collection":[{"href":"https:\/\/arroyitoonline.com.ar\/index.php?rest_route=\/wp\/v2\/posts"}],"about":[{"href":"https:\/\/arroyitoonline.com.ar\/index.php?rest_route=\/wp\/v2\/types\/post"}],"author":[{"embeddable":true,"href":"https:\/\/arroyitoonline.com.ar\/index.php?rest_route=\/wp\/v2\/users\/3"}],"replies":[{"embeddable":true,"href":"https:\/\/arroyitoonline.com.ar\/index.php?rest_route=%2Fwp%2Fv2%2Fcomments&post=8919"}],"version-history":[{"count":1,"href":"https:\/\/arroyitoonline.com.ar\/index.php?rest_route=\/wp\/v2\/posts\/8919\/revisions"}],"predecessor-version":[{"id":8922,"href":"https:\/\/arroyitoonline.com.ar\/index.php?rest_route=\/wp\/v2\/posts\/8919\/revisions\/8922"}],"wp:featuredmedia":[{"embeddable":true,"href":"https:\/\/arroyitoonline.com.ar\/index.php?rest_route=\/wp\/v2\/media\/8921"}],"wp:attachment":[{"href":"https:\/\/arroyitoonline.com.ar\/index.php?rest_route=%2Fwp%2Fv2%2Fmedia&parent=8919"}],"wp:term":[{"taxonomy":"category","embeddable":true,"href":"https:\/\/arroyitoonline.com.ar\/index.php?rest_route=%2Fwp%2Fv2%2Fcategories&post=8919"},{"taxonomy":"post_tag","embeddable":true,"href":"https:\/\/arroyitoonline.com.ar\/index.php?rest_route=%2Fwp%2Fv2%2Ftags&post=8919"}],"curies":[{"name":"wp","href":"https:\/\/api.w.org\/{rel}","templated":true}]}}