{"id":8923,"date":"2020-05-07T23:28:59","date_gmt":"2020-05-07T23:28:59","guid":{"rendered":"https:\/\/arroyitoonline.com.ar\/?p=8923"},"modified":"2020-05-07T23:29:29","modified_gmt":"2020-05-07T23:29:29","slug":"se-cierran-los-accesos-sur-y-norte-a-la-ciudad","status":"publish","type":"post","link":"https:\/\/arroyitoonline.com.ar\/?p=8923","title":{"rendered":"Emergencia sanitaria: se cierran los accesos sur y norte a la ciudad"},"content":{"rendered":"\n<p><strong>La medida regir\u00e1 desde este viernes 8. El tr\u00e1nsito deber\u00e1 circular, de manera obligatoria, por la circunvalaci\u00f3n ingresando a la ciudad por el puente\/empalme de las rutas E-52 y 19.<\/strong><\/p>\n\n\n\n<p>Ayer, el intendente municipal, Gustavo Benedetti, dispuso como medida para el cuidado de la salud de los vecinos que, desde este viernes 8 de mayo, se realice una reorganizaci\u00f3n de la circulaci\u00f3n vehicular, consistente en el cierre de los accesos norte (La Tordilla) y sur (Sacanta), debiendo el tr\u00e1nsito circular, de manera obligatoria, por la circunvalaci\u00f3n ingresando a la ciudad por el puente\/empalme de las rutas E-52 y 19.<\/p>\n\n\n\n<figure class=\"wp-block-image size-large\"><img loading=\"lazy\" decoding=\"async\" width=\"1024\" height=\"1024\" src=\"https:\/\/arroyitoonline.com.ar\/wp-content\/uploads\/2020\/05\/reorganizaci\u00f3n-vehicular-1024x1024.jpeg\" alt=\"\" class=\"wp-image-8947\" srcset=\"https:\/\/arroyitoonline.com.ar\/wp-content\/uploads\/2020\/05\/reorganizaci\u00f3n-vehicular-1024x1024.jpeg 1024w, https:\/\/arroyitoonline.com.ar\/wp-content\/uploads\/2020\/05\/reorganizaci\u00f3n-vehicular-300x300.jpeg 300w, https:\/\/arroyitoonline.com.ar\/wp-content\/uploads\/2020\/05\/reorganizaci\u00f3n-vehicular-150x150.jpeg 150w, https:\/\/arroyitoonline.com.ar\/wp-content\/uploads\/2020\/05\/reorganizaci\u00f3n-vehicular-768x768.jpeg 768w, https:\/\/arroyitoonline.com.ar\/wp-content\/uploads\/2020\/05\/reorganizaci\u00f3n-vehicular.jpeg 1280w\" sizes=\"auto, (max-width: 1024px) 100vw, 1024px\" \/><\/figure>\n\n\n\n<p>Adem\u00e1s, el tr\u00e1nsito sobre ruta 19 ser\u00e1 controlado en los puestos sanitarios que se implementar\u00e1n en los accesos oeste y este de la ciudad.<\/p>\n\n\n\n<p>En este marco, hoy, la Direcci\u00f3n de Tr\u00e1nsito del Gobierno Municipal concret\u00f3 controles vehiculares en los accesos este y oeste de la Ruta 19.<\/p>\n\n\n\n<p>Los operativo se realizaron a veh\u00edculos en general registrando desde d\u00f3nde arribaban y hacia qu\u00e9 lugar se dirig\u00edan, corroborando que tuvieran en su poder el Certificado de Circulaci\u00f3n correspondiente y constatando, tambi\u00e9n, en el caso de personas oriundas de nuestra ciudad que no lo hiciesen de zonas de riesgo.<\/p>\n\n\n\n<p><em>&#8220;Agradecemos la cooperaci\u00f3n de toda la poblaci\u00f3n, para cuidar, todos juntos, la salud de nuestros vecinos y de nuestra comunidad&#8221;<\/em>, dijeron desde el Gobierno Municipal. <\/p>\n\n\n\n<p>Fuente: Comunicaci\u00f3n y Protocolo del Gobierno Municipal.<\/p>\n","protected":false},"excerpt":{"rendered":"<p>La medida regir\u00e1 desde este viernes 8. El tr\u00e1nsito deber\u00e1 circular, de manera obligatoria, por la circunvalaci\u00f3n ingresando a la&hellip;<\/p>\n","protected":false},"author":3,"featured_media":8949,"comment_status":"closed","ping_status":"open","sticky":false,"template":"","format":"standard","meta":{"footnotes":""},"categories":[942],"tags":[1120,66,67,836,115,1108,1119,295,1102,572,698,700,701,771],"class_list":["post-8923","post","type-post","status-publish","format-standard","has-post-thumbnail","hentry","category-transito","tag-aislamiento","tag-arroyito","tag-arroyito-cordoba","tag-arroyito-online","tag-benedetti","tag-coronavirus","tag-cuarentena","tag-direccion-de-transito","tag-gobierno-municipal","tag-noticias-de-arroyito-y-zona","tag-ruta-19","tag-ruta-e-52","tag-ruta-nacional-n-19","tag-transito"],"_links":{"self":[{"href":"https:\/\/arroyitoonline.com.ar\/index.php?rest_route=\/wp\/v2\/posts\/8923","targetHints":{"allow":["GET"]}}],"collection":[{"href":"https:\/\/arroyitoonline.com.ar\/index.php?rest_route=\/wp\/v2\/posts"}],"about":[{"href":"https:\/\/arroyitoonline.com.ar\/index.php?rest_route=\/wp\/v2\/types\/post"}],"author":[{"embeddable":true,"href":"https:\/\/arroyitoonline.com.ar\/index.php?rest_route=\/wp\/v2\/users\/3"}],"replies":[{"embeddable":true,"href":"https:\/\/arroyitoonline.com.ar\/index.php?rest_route=%2Fwp%2Fv2%2Fcomments&post=8923"}],"version-history":[{"count":2,"href":"https:\/\/arroyitoonline.com.ar\/index.php?rest_route=\/wp\/v2\/posts\/8923\/revisions"}],"predecessor-version":[{"id":8951,"href":"https:\/\/arroyitoonline.com.ar\/index.php?rest_route=\/wp\/v2\/posts\/8923\/revisions\/8951"}],"wp:featuredmedia":[{"embeddable":true,"href":"https:\/\/arroyitoonline.com.ar\/index.php?rest_route=\/wp\/v2\/media\/8949"}],"wp:attachment":[{"href":"https:\/\/arroyitoonline.com.ar\/index.php?rest_route=%2Fwp%2Fv2%2Fmedia&parent=8923"}],"wp:term":[{"taxonomy":"category","embeddable":true,"href":"https:\/\/arroyitoonline.com.ar\/index.php?rest_route=%2Fwp%2Fv2%2Fcategories&post=8923"},{"taxonomy":"post_tag","embeddable":true,"href":"https:\/\/arroyitoonline.com.ar\/index.php?rest_route=%2Fwp%2Fv2%2Ftags&post=8923"}],"curies":[{"name":"wp","href":"https:\/\/api.w.org\/{rel}","templated":true}]}}