{"id":8952,"date":"2020-05-08T00:53:05","date_gmt":"2020-05-08T00:53:05","guid":{"rendered":"https:\/\/arroyitoonline.com.ar\/?p=8952"},"modified":"2020-05-08T01:10:53","modified_gmt":"2020-05-08T01:10:53","slug":"arroyito-habilitan-peluquerias-quinielas-nutricionistas-y-psicologos","status":"publish","type":"post","link":"https:\/\/arroyitoonline.com.ar\/?p=8952","title":{"rendered":"Arroyito: habilitan peluquer\u00edas, quinielas, nutricionistas y psic\u00f3logos"},"content":{"rendered":"\n<p><strong>El COE dispuso la reapertura de esos rubros comerciales y profesionales en zonas blancas, desde este viernes 8.<\/strong><\/p>\n\n\n\n<p>En la reuni\u00f3n plenaria del COE Central se decidi\u00f3, luego de analizar la situaci\u00f3n epidemiol\u00f3gica, que se habiliten en 369 localidades de las&nbsp;<strong><a href=\"https:\/\/prensa.cba.gov.ar\/informacion-general\/mas-de-370-municipios-y-comunas-de-zonas-blancas-ya-han-flexibilizado-actividades\/\">zonas blancas<\/a>, entre las que se encuentra Arroyito,&nbsp;<\/strong>las&nbsp;<strong>actividades comerciales de peluquer\u00eda y quiniela<\/strong>, adem\u00e1s de los rubros profesionales de nutricionistas y psic\u00f3logos.<\/p>\n\n\n\n<p>Asimismo, en las 23 localidades que forman parte de la denominada&nbsp;<a href=\"https:\/\/prensa.cba.gov.ar\/informacion-general\/habilitan-la-obra-privada-y-la-actividad-profesional-en-mas-municipios-de-la-provincia\/\"><strong>zona roja flexibilizada<\/strong><\/a>&nbsp;se incorporan la&nbsp;<strong>atenci\u00f3n profesional de nutricionistas y psic\u00f3logos.<\/strong><\/p>\n\n\n\n<p>En todos los casos, las nuevas excepciones entran en vigencia ma\u00f1ana viernes 8, aplicando los protocolos sanitarios respectivos.<\/p>\n\n\n\n<p>Cabe se\u00f1alar que estas medidas van en l\u00ednea con el trabajo que se viene desarrollando, tendiente a la incorporaci\u00f3n, de manera progresiva de diferentes sectores a la actividad, tal como sucedi\u00f3 en la jornada de ayer, con<a href=\"https:\/\/prensa.cba.gov.ar\/informacion-general\/el-70-de-las-industrias-cordobesas-retoma-la-actividad\/\"><strong>&nbsp;250 industrias&nbsp;<\/strong><\/a>y la habilitaci\u00f3n de las&nbsp;<strong><a href=\"https:\/\/prensa.cba.gov.ar\/informacion-general\/autorizaron-la-reapertura-progresiva-de-sedes-judiciales-en-zonas-blancas\/\">sedes judiciales<\/a>&nbsp;<\/strong>en zonas blancas.<\/p>\n\n\n\n<p>Fuente: prensa.cba.gov.ar.<\/p>\n\n\n\n<p>Imagen solo a modo ilustrativo.<\/p>\n","protected":false},"excerpt":{"rendered":"<p>El COE dispuso la reapertura de esos rubros comerciales y profesionales en zonas blancas, desde este viernes 8. En la&hellip;<\/p>\n","protected":false},"author":3,"featured_media":8956,"comment_status":"closed","ping_status":"open","sticky":false,"template":"","format":"standard","meta":{"footnotes":""},"categories":[996],"tags":[1120,66,67,836,217,1108,1119,404,405,1102,572],"class_list":["post-8952","post","type-post","status-publish","format-standard","has-post-thumbnail","hentry","category-comercio","tag-aislamiento","tag-arroyito","tag-arroyito-cordoba","tag-arroyito-online","tag-comercio","tag-coronavirus","tag-cuarentena","tag-gobierno-de-cordoba","tag-gobierno-de-la-provincia","tag-gobierno-municipal","tag-noticias-de-arroyito-y-zona"],"_links":{"self":[{"href":"https:\/\/arroyitoonline.com.ar\/index.php?rest_route=\/wp\/v2\/posts\/8952","targetHints":{"allow":["GET"]}}],"collection":[{"href":"https:\/\/arroyitoonline.com.ar\/index.php?rest_route=\/wp\/v2\/posts"}],"about":[{"href":"https:\/\/arroyitoonline.com.ar\/index.php?rest_route=\/wp\/v2\/types\/post"}],"author":[{"embeddable":true,"href":"https:\/\/arroyitoonline.com.ar\/index.php?rest_route=\/wp\/v2\/users\/3"}],"replies":[{"embeddable":true,"href":"https:\/\/arroyitoonline.com.ar\/index.php?rest_route=%2Fwp%2Fv2%2Fcomments&post=8952"}],"version-history":[{"count":3,"href":"https:\/\/arroyitoonline.com.ar\/index.php?rest_route=\/wp\/v2\/posts\/8952\/revisions"}],"predecessor-version":[{"id":8958,"href":"https:\/\/arroyitoonline.com.ar\/index.php?rest_route=\/wp\/v2\/posts\/8952\/revisions\/8958"}],"wp:featuredmedia":[{"embeddable":true,"href":"https:\/\/arroyitoonline.com.ar\/index.php?rest_route=\/wp\/v2\/media\/8956"}],"wp:attachment":[{"href":"https:\/\/arroyitoonline.com.ar\/index.php?rest_route=%2Fwp%2Fv2%2Fmedia&parent=8952"}],"wp:term":[{"taxonomy":"category","embeddable":true,"href":"https:\/\/arroyitoonline.com.ar\/index.php?rest_route=%2Fwp%2Fv2%2Fcategories&post=8952"},{"taxonomy":"post_tag","embeddable":true,"href":"https:\/\/arroyitoonline.com.ar\/index.php?rest_route=%2Fwp%2Fv2%2Ftags&post=8952"}],"curies":[{"name":"wp","href":"https:\/\/api.w.org\/{rel}","templated":true}]}}