{"id":8962,"date":"2020-05-10T16:11:44","date_gmt":"2020-05-10T16:11:44","guid":{"rendered":"https:\/\/arroyitoonline.com.ar\/?p=8962"},"modified":"2020-05-10T16:55:18","modified_gmt":"2020-05-10T16:55:18","slug":"siete-traumatologos-denuncian-que-los-despidieron-del-hospital-municipal-con-un-mensaje-de-texto","status":"publish","type":"post","link":"https:\/\/arroyitoonline.com.ar\/?p=8962","title":{"rendered":"Siete traumat\u00f3logos denuncian que los despidieron del hospital municipal con un mensaje de texto"},"content":{"rendered":"\n<p><strong>As\u00ed lo confirm\u00f3 el m\u00e9dico Mauro Malisani, quien afirm\u00f3 que el director Administrativo del nosocomio, Carlos Silva, les comunic\u00f3 por esa v\u00eda, que, desde el lunes 11, sus servicios ya no ser\u00e1n requeridos. <\/strong><\/p>\n\n\n\n<p>Este viernes 8 de mayo, los siete traumat\u00f3logos que desempe\u00f1an tareas en el Hospital Municipal Carlos J. Rodr\u00edguez denunciaron que fueron despedidos por mensaje de texto. <\/p>\n\n\n\n<p>La comunicaci\u00f3n dirigida al jefe del servicio, Mauricio Molina, la habr\u00eda firmado el director Administrativo del nosocomio, Carlos Silva, anunci\u00e1ndole que, desde este lunes 11 de mayo, el Gobierno Municipal prescindir\u00eda de sus servicios.<\/p>\n\n\n\n<p>Los detalles del caso fueron brindados por uno de los m\u00e9dicos damnificados, Mauro Malisani, en una nota telef\u00f3nica realizada por Silvia Mandrino y Hugo Carrera, para radio <strong>FM M\u00e1s <\/strong>de nuestra ciudad. <\/p>\n\n\n\n<p><em>&#8220;Creo que podemos llegar a una instancia de di\u00e1logo pero, en el medio de la pandemia, despedir a m\u00e9dicos, que somos un recurso humano cr\u00edtico, creo que es descabellado absolutamente&#8221;<\/em>, se\u00f1al\u00f3 Malisani, sobre la decisi\u00f3n tomada.<\/p>\n\n\n\n<p><em>&#8220;Somos de C\u00f3rdoba, viajamos por nuestros medios, en auto, porque no hay transporte p\u00fablico. Cumplimos con el contrato que tenemos con el Municipio. De los seis que somos, a una sola doctora la van a buscar, junto con otros m\u00e9dicos de Terapia Intensiva y de Cl\u00ednica M\u00e9dica y, muchas veces, aprovechan el viaje para llevar muestras al laboratorio central&#8221;<\/em>, respondi\u00f3 el galeno, ante la consulta de si la desvinculaci\u00f3n podr\u00eda deberse a que hab\u00eda que traerlos desde la capital de la provincia.<\/p>\n\n\n\n<p>Adem\u00e1s destac\u00f3 que, en esta pandemia, se puso de manifiesto que la mayor\u00eda de los m\u00e9dicos tienen pluriempleo, no les alcanza con un solo trabajo y que tienen que estar <em>&#8220;pululando por distintas instituciones&#8221;<\/em>.<\/p>\n\n\n\n<p>Tambi\u00e9n lament\u00f3 que<em> &#8220;Los m\u00e9dicos estamos en una situaci\u00f3n precaria, con contratos de seis meses y, desde la emergencia, contratos por tres meses, para ir ajustando los salarios. Todos los m\u00e9dicos del hospital est\u00e1bamos sin contrato y a la espera de un anuncio, en el que el intendente prometi\u00f3 un 15 por ciento de aumento para el personal de Salud, y todav\u00eda no tenemos ese contrato&#8221;<\/em>.<\/p>\n\n\n\n<div class=\"wp-block-image\"><figure class=\"aligncenter size-large\"><img loading=\"lazy\" decoding=\"async\" width=\"720\" height=\"950\" src=\"https:\/\/arroyitoonline.com.ar\/wp-content\/uploads\/2020\/05\/comunicado-traumat\u00f3logos-1.jpg\" alt=\"\" class=\"wp-image-8966\" srcset=\"https:\/\/arroyitoonline.com.ar\/wp-content\/uploads\/2020\/05\/comunicado-traumat\u00f3logos-1.jpg 720w, https:\/\/arroyitoonline.com.ar\/wp-content\/uploads\/2020\/05\/comunicado-traumat\u00f3logos-1-227x300.jpg 227w\" sizes=\"auto, (max-width: 720px) 100vw, 720px\" \/><\/figure><\/div>\n\n\n\n<p>Una vez conocida la noticia, se expidi\u00f3 la Sociedad de Ortopedia y Traumatolog\u00eda de C\u00f3rdoba, con la emisi\u00f3n de un comunicado oficial, a trav\u00e9s del cual declar\u00f3 al hospital local como<em> &#8220;zona de conflicto, por la disposici\u00f3n unilateral del nosocomio de dejar sin efecto el servicio de traumatolog\u00eda, en plena pandemia&#8221;<\/em>.<\/p>\n\n\n\n<p><em>&#8220;La Sociedad nos est\u00e1 asesorando y buscamos solucionar esto a trav\u00e9s del di\u00e1logo, no queremos ir al choque, no queremos que esto escale, queremos que se solucione y volver a trabajar como hace a\u00f1os, porque el servicio existe desde hace much\u00edsimos a\u00f1os y siempre ha funcionado sin problemas.<br>Somos respetuosos de las leyes y los protocolos. Nuestra intenci\u00f3n es cuidar la salud de los arroyitenses, porque todos tenemos familia y dependemos de este ingreso para subsistir&#8221;<\/em>, finaliz\u00f3 Malisani.<\/p>\n\n\n\n<p>Fuente: <strong>radio <strong>FM M\u00e1s<\/strong><\/strong>.<\/p>\n","protected":false},"excerpt":{"rendered":"<p>As\u00ed lo confirm\u00f3 el m\u00e9dico Mauro Malisani, quien afirm\u00f3 que el director Administrativo del nosocomio, Carlos Silva, les comunic\u00f3 por&hellip;<\/p>\n","protected":false},"author":3,"featured_media":8963,"comment_status":"closed","ping_status":"open","sticky":false,"template":"","format":"standard","meta":{"footnotes":""},"categories":[9],"tags":[66,67,836,1108,284,1102,426,706],"class_list":["post-8962","post","type-post","status-publish","format-standard","has-post-thumbnail","hentry","category-infosalud","tag-arroyito","tag-arroyito-cordoba","tag-arroyito-online","tag-coronavirus","tag-despidos","tag-gobierno-municipal","tag-hospital","tag-salud"],"_links":{"self":[{"href":"https:\/\/arroyitoonline.com.ar\/index.php?rest_route=\/wp\/v2\/posts\/8962","targetHints":{"allow":["GET"]}}],"collection":[{"href":"https:\/\/arroyitoonline.com.ar\/index.php?rest_route=\/wp\/v2\/posts"}],"about":[{"href":"https:\/\/arroyitoonline.com.ar\/index.php?rest_route=\/wp\/v2\/types\/post"}],"author":[{"embeddable":true,"href":"https:\/\/arroyitoonline.com.ar\/index.php?rest_route=\/wp\/v2\/users\/3"}],"replies":[{"embeddable":true,"href":"https:\/\/arroyitoonline.com.ar\/index.php?rest_route=%2Fwp%2Fv2%2Fcomments&post=8962"}],"version-history":[{"count":3,"href":"https:\/\/arroyitoonline.com.ar\/index.php?rest_route=\/wp\/v2\/posts\/8962\/revisions"}],"predecessor-version":[{"id":8968,"href":"https:\/\/arroyitoonline.com.ar\/index.php?rest_route=\/wp\/v2\/posts\/8962\/revisions\/8968"}],"wp:featuredmedia":[{"embeddable":true,"href":"https:\/\/arroyitoonline.com.ar\/index.php?rest_route=\/wp\/v2\/media\/8963"}],"wp:attachment":[{"href":"https:\/\/arroyitoonline.com.ar\/index.php?rest_route=%2Fwp%2Fv2%2Fmedia&parent=8962"}],"wp:term":[{"taxonomy":"category","embeddable":true,"href":"https:\/\/arroyitoonline.com.ar\/index.php?rest_route=%2Fwp%2Fv2%2Fcategories&post=8962"},{"taxonomy":"post_tag","embeddable":true,"href":"https:\/\/arroyitoonline.com.ar\/index.php?rest_route=%2Fwp%2Fv2%2Ftags&post=8962"}],"curies":[{"name":"wp","href":"https:\/\/api.w.org\/{rel}","templated":true}]}}