{"id":8991,"date":"2020-05-13T19:30:47","date_gmt":"2020-05-13T19:30:47","guid":{"rendered":"https:\/\/arroyitoonline.com.ar\/?p=8991"},"modified":"2020-05-13T19:30:57","modified_gmt":"2020-05-13T19:30:57","slug":"moto-choco-con-camioneta-el-acompanante-del-rodado-menor-sufrio-fractura-de-clavicula","status":"publish","type":"post","link":"https:\/\/arroyitoonline.com.ar\/?p=8991","title":{"rendered":"Moto choc\u00f3 con camioneta: el acompa\u00f1ante del rodado menor sufri\u00f3 fractura de clav\u00edcula"},"content":{"rendered":"\n<p><strong>El siniestro ocurri\u00f3 en la intersecci\u00f3n de las calles Vicenta Rios de Vocos y Rafael Bianchi.<\/strong><\/p>\n\n\n\n<p>Ayer a las 16:30 horas, se produjo un accidente de tr\u00e1nsito, en la intersecci\u00f3n de las calles Rafael Bianchi y Vicenta R\u00edos de Vocos.<\/p>\n\n\n\n<p>En el lugar se comisionaron m\u00f3viles policiales. Momentos antes, una camioneta VW Amarok blanca, conducida por un hombre de Arroyito (39 a\u00f1os), circulaba por Vicenta R\u00edos de Vocos en sentido de este a oeste. Cuando lleg\u00f3 a la esquina con Bianchi, por razones que tratan de establecerse, colision\u00f3 con una moto Honda Biz 125 cc, conducida por un joven de 21 a\u00f1os, acompa\u00f1ado por otro de 19, los dos de esta ciudad.<\/p>\n\n\n\n<p>A continuaci\u00f3n, personal del Servicio de Emergencias traslad\u00f3 al Hospital Municipal Carlos J. Rodr\u00edguez, a los ocupantes del rodado menor donde fueron asistidos. El acompa\u00f1ante presentaba fractura en la clav\u00edcula derecha y qued\u00f3 en observaci\u00f3n. Se labraron las correspondientes actuaciones sumariales con conocimiento de la Fiscal\u00eda de Arroyito.<\/p>\n\n\n\n<p>Fuente: informe de la oficial Principal J\u00e9sica Paz, a cargo Base Operativa Sector Sur Suboficial Principal Gustavo Carlos D\u00edaz.<\/p>\n","protected":false},"excerpt":{"rendered":"<p>El siniestro ocurri\u00f3 en la intersecci\u00f3n de las calles Vicenta Rios de Vocos y Rafael Bianchi. Ayer a las 16:30&hellip;<\/p>\n","protected":false},"author":3,"featured_media":8992,"comment_status":"closed","ping_status":"open","sticky":false,"template":"","format":"standard","meta":{"footnotes":""},"categories":[824],"tags":[22,23,66,67,836,1086,572,635,637,638,825],"class_list":["post-8991","post","type-post","status-publish","format-standard","has-post-thumbnail","hentry","category-policiales-online","tag-accidente","tag-accidentes","tag-arroyito","tag-arroyito-cordoba","tag-arroyito-online","tag-moto","tag-noticias-de-arroyito-y-zona","tag-policia","tag-policiales","tag-policiales-arroyito","tag-policiales-online"],"_links":{"self":[{"href":"https:\/\/arroyitoonline.com.ar\/index.php?rest_route=\/wp\/v2\/posts\/8991","targetHints":{"allow":["GET"]}}],"collection":[{"href":"https:\/\/arroyitoonline.com.ar\/index.php?rest_route=\/wp\/v2\/posts"}],"about":[{"href":"https:\/\/arroyitoonline.com.ar\/index.php?rest_route=\/wp\/v2\/types\/post"}],"author":[{"embeddable":true,"href":"https:\/\/arroyitoonline.com.ar\/index.php?rest_route=\/wp\/v2\/users\/3"}],"replies":[{"embeddable":true,"href":"https:\/\/arroyitoonline.com.ar\/index.php?rest_route=%2Fwp%2Fv2%2Fcomments&post=8991"}],"version-history":[{"count":1,"href":"https:\/\/arroyitoonline.com.ar\/index.php?rest_route=\/wp\/v2\/posts\/8991\/revisions"}],"predecessor-version":[{"id":8993,"href":"https:\/\/arroyitoonline.com.ar\/index.php?rest_route=\/wp\/v2\/posts\/8991\/revisions\/8993"}],"wp:featuredmedia":[{"embeddable":true,"href":"https:\/\/arroyitoonline.com.ar\/index.php?rest_route=\/wp\/v2\/media\/8992"}],"wp:attachment":[{"href":"https:\/\/arroyitoonline.com.ar\/index.php?rest_route=%2Fwp%2Fv2%2Fmedia&parent=8991"}],"wp:term":[{"taxonomy":"category","embeddable":true,"href":"https:\/\/arroyitoonline.com.ar\/index.php?rest_route=%2Fwp%2Fv2%2Fcategories&post=8991"},{"taxonomy":"post_tag","embeddable":true,"href":"https:\/\/arroyitoonline.com.ar\/index.php?rest_route=%2Fwp%2Fv2%2Ftags&post=8991"}],"curies":[{"name":"wp","href":"https:\/\/api.w.org\/{rel}","templated":true}]}}