{"id":9002,"date":"2020-05-15T21:24:36","date_gmt":"2020-05-15T21:24:36","guid":{"rendered":"https:\/\/arroyitoonline.com.ar\/?p=9002"},"modified":"2020-05-15T21:24:39","modified_gmt":"2020-05-15T21:24:39","slug":"el-fuertecito-detuvieron-a-un-hombre-por-delito-contra-la-integridad-sexual","status":"publish","type":"post","link":"https:\/\/arroyitoonline.com.ar\/?p=9002","title":{"rendered":"El Fuertecito: detuvieron a un hombre por delito contra la integridad sexual"},"content":{"rendered":"\n<p><strong>Personal de Investigaciones de la Polic\u00eda allan\u00f3 una vivienda, aprehendi\u00f3 al sujeto y secuestr\u00f3 su tel\u00e9fono celular y un veh\u00edculo.<\/strong><\/p>\n\n\n\n<p>Ayer a las 7:30 horas, personal de Investigaciones, con colaboraci\u00f3n del personal de la Guardia de Prevenci\u00f3n a cargo del del Jefe de Zona IV de la Polic\u00eda de la Provincia, Crio Insp. Diego Rodr\u00edguez; munidos de oficio judicial librado por el Juzgado de Competencias M\u00faltiples de Arroyito, en requisitoria de la Fiscal\u00eda Distrito N\u00b0 1 de Santa Fe; allanaron la vivienda ubicada en calle Or\u00f1ando Maracini s\/n del Paraje El Fuertecito.<\/p>\n\n\n\n<p>En ese marco procedieron a la detenci\u00f3n de un hombre de 52 a\u00f1os y al secuestro de un veh\u00edculo Chevrolet Prisma color gris, un celular personal marca LG que el sujeto portaba. La causa de la aprehensi\u00f3n es delito contra la integridad sexual.<\/p>\n\n\n\n<p>Fuente: informe del jefe de Zona IV de la Polic\u00eda de la Provincia, Crio Insp. Diego Rodr\u00edguez.<\/p>\n","protected":false},"excerpt":{"rendered":"<p>Personal de Investigaciones de la Polic\u00eda allan\u00f3 una vivienda, aprehendi\u00f3 al sujeto y secuestr\u00f3 su tel\u00e9fono celular y un veh\u00edculo.&hellip;<\/p>\n","protected":false},"author":3,"featured_media":9004,"comment_status":"closed","ping_status":"open","sticky":false,"template":"","format":"standard","meta":{"footnotes":""},"categories":[824],"tags":[66,67,836,269,285,572,635,637,638,825],"class_list":["post-9002","post","type-post","status-publish","format-standard","has-post-thumbnail","hentry","category-policiales-online","tag-arroyito","tag-arroyito-cordoba","tag-arroyito-online","tag-delincuencia","tag-detencion","tag-noticias-de-arroyito-y-zona","tag-policia","tag-policiales","tag-policiales-arroyito","tag-policiales-online"],"_links":{"self":[{"href":"https:\/\/arroyitoonline.com.ar\/index.php?rest_route=\/wp\/v2\/posts\/9002","targetHints":{"allow":["GET"]}}],"collection":[{"href":"https:\/\/arroyitoonline.com.ar\/index.php?rest_route=\/wp\/v2\/posts"}],"about":[{"href":"https:\/\/arroyitoonline.com.ar\/index.php?rest_route=\/wp\/v2\/types\/post"}],"author":[{"embeddable":true,"href":"https:\/\/arroyitoonline.com.ar\/index.php?rest_route=\/wp\/v2\/users\/3"}],"replies":[{"embeddable":true,"href":"https:\/\/arroyitoonline.com.ar\/index.php?rest_route=%2Fwp%2Fv2%2Fcomments&post=9002"}],"version-history":[{"count":1,"href":"https:\/\/arroyitoonline.com.ar\/index.php?rest_route=\/wp\/v2\/posts\/9002\/revisions"}],"predecessor-version":[{"id":9005,"href":"https:\/\/arroyitoonline.com.ar\/index.php?rest_route=\/wp\/v2\/posts\/9002\/revisions\/9005"}],"wp:featuredmedia":[{"embeddable":true,"href":"https:\/\/arroyitoonline.com.ar\/index.php?rest_route=\/wp\/v2\/media\/9004"}],"wp:attachment":[{"href":"https:\/\/arroyitoonline.com.ar\/index.php?rest_route=%2Fwp%2Fv2%2Fmedia&parent=9002"}],"wp:term":[{"taxonomy":"category","embeddable":true,"href":"https:\/\/arroyitoonline.com.ar\/index.php?rest_route=%2Fwp%2Fv2%2Fcategories&post=9002"},{"taxonomy":"post_tag","embeddable":true,"href":"https:\/\/arroyitoonline.com.ar\/index.php?rest_route=%2Fwp%2Fv2%2Ftags&post=9002"}],"curies":[{"name":"wp","href":"https:\/\/api.w.org\/{rel}","templated":true}]}}