{"id":9006,"date":"2020-05-15T21:40:10","date_gmt":"2020-05-15T21:40:10","guid":{"rendered":"https:\/\/arroyitoonline.com.ar\/?p=9006"},"modified":"2020-05-15T21:41:06","modified_gmt":"2020-05-15T21:41:06","slug":"detuvieron-a-tres-jovenes-y-un-menor-por-supuesta-infraccion-del-aislamiento-obligatorio","status":"publish","type":"post","link":"https:\/\/arroyitoonline.com.ar\/?p=9006","title":{"rendered":"Detuvieron a tres j\u00f3venes y un menor, por supuesta infracci\u00f3n del Aislamiento Obligatorio"},"content":{"rendered":"\n<p><strong>Tienen 24, 22, 31 y 15 a\u00f1os y andaban en un Renault 12. No pudieron justificar su presencia en la v\u00eda p\u00fablica.<\/strong> <strong>El menor fue entregado a sus padres.<\/strong><\/p>\n\n\n\n<p>El mi\u00e9rcoles a la hora 0:25, un m\u00f3vil policial traslad\u00f3, desde la intersecci\u00f3n de calles Pe\u00f1aloza y Sargento Cabral en el sector sur, a cuatro j\u00f3venes de 24, 22, 31 y 15 a\u00f1os, todos de Arroyito.<\/p>\n\n\n\n<p>Los sujetos andaban en un veh\u00edculo Renault 12 y no pudieron justificar su presencia en la v\u00eda p\u00fablica, manifestando asimismo que conoc\u00edan la vigencia del Decreto de Aislamiento Social Preventivo y Obligatorio.<\/p>\n\n\n\n<p>Por este motivo, los tres mayores quedaron alojados en la Alcald\u00eda de la Comisar\u00eda local, por supuesta infracci\u00f3n al Decreto de Necesidad y Urgencia 297\/2020 presidencial, a disposici\u00f3n de Fiscal\u00eda de Instrucci\u00f3n de esta ciudad, mientras que se hizo entrega del menor a sus progenitores.<\/p>\n\n\n\n<p>Fuente: informe del jefe de Zona de Inspecci\u00f3n N\u00b0 4, Crio. Insp. Diego Rodr\u00edguez.<\/p>\n","protected":false},"excerpt":{"rendered":"<p>Tienen 24, 22, 31 y 15 a\u00f1os y andaban en un Renault 12. No pudieron justificar su presencia en la&hellip;<\/p>\n","protected":false},"author":3,"featured_media":8868,"comment_status":"closed","ping_status":"open","sticky":false,"template":"","format":"standard","meta":{"footnotes":""},"categories":[824],"tags":[1120,66,67,836,1108,572,635,637,638,825],"class_list":["post-9006","post","type-post","status-publish","format-standard","has-post-thumbnail","hentry","category-policiales-online","tag-aislamiento","tag-arroyito","tag-arroyito-cordoba","tag-arroyito-online","tag-coronavirus","tag-noticias-de-arroyito-y-zona","tag-policia","tag-policiales","tag-policiales-arroyito","tag-policiales-online"],"_links":{"self":[{"href":"https:\/\/arroyitoonline.com.ar\/index.php?rest_route=\/wp\/v2\/posts\/9006","targetHints":{"allow":["GET"]}}],"collection":[{"href":"https:\/\/arroyitoonline.com.ar\/index.php?rest_route=\/wp\/v2\/posts"}],"about":[{"href":"https:\/\/arroyitoonline.com.ar\/index.php?rest_route=\/wp\/v2\/types\/post"}],"author":[{"embeddable":true,"href":"https:\/\/arroyitoonline.com.ar\/index.php?rest_route=\/wp\/v2\/users\/3"}],"replies":[{"embeddable":true,"href":"https:\/\/arroyitoonline.com.ar\/index.php?rest_route=%2Fwp%2Fv2%2Fcomments&post=9006"}],"version-history":[{"count":1,"href":"https:\/\/arroyitoonline.com.ar\/index.php?rest_route=\/wp\/v2\/posts\/9006\/revisions"}],"predecessor-version":[{"id":9007,"href":"https:\/\/arroyitoonline.com.ar\/index.php?rest_route=\/wp\/v2\/posts\/9006\/revisions\/9007"}],"wp:featuredmedia":[{"embeddable":true,"href":"https:\/\/arroyitoonline.com.ar\/index.php?rest_route=\/wp\/v2\/media\/8868"}],"wp:attachment":[{"href":"https:\/\/arroyitoonline.com.ar\/index.php?rest_route=%2Fwp%2Fv2%2Fmedia&parent=9006"}],"wp:term":[{"taxonomy":"category","embeddable":true,"href":"https:\/\/arroyitoonline.com.ar\/index.php?rest_route=%2Fwp%2Fv2%2Fcategories&post=9006"},{"taxonomy":"post_tag","embeddable":true,"href":"https:\/\/arroyitoonline.com.ar\/index.php?rest_route=%2Fwp%2Fv2%2Ftags&post=9006"}],"curies":[{"name":"wp","href":"https:\/\/api.w.org\/{rel}","templated":true}]}}