{"id":9008,"date":"2020-05-15T22:02:10","date_gmt":"2020-05-15T22:02:10","guid":{"rendered":"https:\/\/arroyitoonline.com.ar\/?p=9008"},"modified":"2020-05-15T22:02:21","modified_gmt":"2020-05-15T22:02:21","slug":"dos-accidentes-dejaron-como-saldo-tres-lesionados-de-caracter-reservado","status":"publish","type":"post","link":"https:\/\/arroyitoonline.com.ar\/?p=9008","title":{"rendered":"Dos accidentes dejaron como saldo, tres lesionados de car\u00e1cter reservado"},"content":{"rendered":"\n<p><strong>Uno ocurri\u00f3 en el sector norte y otro sucedi\u00f3 en zona sur. El primero involucr\u00f3 un Clio y una Guerrero Trip y el segundo fue protagonizado por dos motos.<\/strong><\/p>\n\n\n\n<p>El primer siniestro ocurri\u00f3 a las 15:00 horas del mi\u00e9rcoles pasado, en Marcial Vaudagna N\u00b0 850, donde se constituy\u00f3 un m\u00f3vil policial.<\/p>\n\n\n\n<p>Momentos antes, un Renault Clio, conducido por un hombre (43 a\u00f1os) de Arroyito, se encontraba estacionado de manera correcta contra la acera de esa avenida y, cuando intent\u00f3 emprender la marcha en sentido oeste, colision\u00f3 con la motocicleta Guerrero Trip 110 CC manejada por un se\u00f1or (64 a\u00f1os), tambi\u00e9n de esta ciudad, que se desplazaba por la misma arteria en sentido de este a oeste.<\/p>\n\n\n\n<p>Como consecuencia del choque, el conductor del rodado menor result\u00f3 con lesiones de car\u00e1cter reservado, siendo asistido por Servicio de Emergencia de Hospital Municipal Carlos J. Rodr\u00edguez.<\/p>\n\n\n\n<p>El segundo accidente sucedi\u00f3 tres horas despu\u00e9s, a las 18:00 del mismo mi\u00e9rcoles, en la intersecci\u00f3n de las avenidas Dalle Mura y Alfons\u00edn.<\/p>\n\n\n\n<p>En este caso, chocaron dos motos. Una Guerrero G-90 de colores blanco y celeste, conducida por un hombre (49 a\u00f1os) que andaba por Dalle Mura en sentido de oeste a este que, cuando lleg\u00f3 a la esquina con Alfons\u00edn, choc\u00f3 con una Suzuki GSX 500, de color negro, manejada por un sujeto (52 a\u00f1os), que se desplazaba por Alfons\u00edn en sentido de sur a norte.<\/p>\n\n\n\n<p>Ambos conductores resultaron con lesiones de car\u00e1cter reservado, siendo asistidos por el Servicio de Emergencias del Hospital Municipal Carlos J. Rodr\u00edguez, que los traslad\u00f3 al nosocomio.<\/p>\n\n\n\n<p>Fuente: informe del jefe de Zona de Inspecci\u00f3n N\u00b0 4, Crio. Insp. Diego Rodr\u00edguez.<\/p>\n","protected":false},"excerpt":{"rendered":"<p>Uno ocurri\u00f3 en el sector norte y otro sucedi\u00f3 en zona sur. El primero involucr\u00f3 un Clio y una Guerrero&hellip;<\/p>\n","protected":false},"author":3,"featured_media":9009,"comment_status":"closed","ping_status":"open","sticky":false,"template":"","format":"standard","meta":{"footnotes":""},"categories":[824],"tags":[22,23,66,67,836,572,635,637,638,825],"class_list":["post-9008","post","type-post","status-publish","format-standard","has-post-thumbnail","hentry","category-policiales-online","tag-accidente","tag-accidentes","tag-arroyito","tag-arroyito-cordoba","tag-arroyito-online","tag-noticias-de-arroyito-y-zona","tag-policia","tag-policiales","tag-policiales-arroyito","tag-policiales-online"],"_links":{"self":[{"href":"https:\/\/arroyitoonline.com.ar\/index.php?rest_route=\/wp\/v2\/posts\/9008","targetHints":{"allow":["GET"]}}],"collection":[{"href":"https:\/\/arroyitoonline.com.ar\/index.php?rest_route=\/wp\/v2\/posts"}],"about":[{"href":"https:\/\/arroyitoonline.com.ar\/index.php?rest_route=\/wp\/v2\/types\/post"}],"author":[{"embeddable":true,"href":"https:\/\/arroyitoonline.com.ar\/index.php?rest_route=\/wp\/v2\/users\/3"}],"replies":[{"embeddable":true,"href":"https:\/\/arroyitoonline.com.ar\/index.php?rest_route=%2Fwp%2Fv2%2Fcomments&post=9008"}],"version-history":[{"count":1,"href":"https:\/\/arroyitoonline.com.ar\/index.php?rest_route=\/wp\/v2\/posts\/9008\/revisions"}],"predecessor-version":[{"id":9010,"href":"https:\/\/arroyitoonline.com.ar\/index.php?rest_route=\/wp\/v2\/posts\/9008\/revisions\/9010"}],"wp:featuredmedia":[{"embeddable":true,"href":"https:\/\/arroyitoonline.com.ar\/index.php?rest_route=\/wp\/v2\/media\/9009"}],"wp:attachment":[{"href":"https:\/\/arroyitoonline.com.ar\/index.php?rest_route=%2Fwp%2Fv2%2Fmedia&parent=9008"}],"wp:term":[{"taxonomy":"category","embeddable":true,"href":"https:\/\/arroyitoonline.com.ar\/index.php?rest_route=%2Fwp%2Fv2%2Fcategories&post=9008"},{"taxonomy":"post_tag","embeddable":true,"href":"https:\/\/arroyitoonline.com.ar\/index.php?rest_route=%2Fwp%2Fv2%2Ftags&post=9008"}],"curies":[{"name":"wp","href":"https:\/\/api.w.org\/{rel}","templated":true}]}}