{"id":9017,"date":"2020-05-15T23:21:24","date_gmt":"2020-05-15T23:21:24","guid":{"rendered":"https:\/\/arroyitoonline.com.ar\/?p=9017"},"modified":"2020-05-15T23:21:36","modified_gmt":"2020-05-15T23:21:36","slug":"solo-se-permite-el-ingreso-a-dependencias-municipales-de-forma-individual","status":"publish","type":"post","link":"https:\/\/arroyitoonline.com.ar\/?p=9017","title":{"rendered":"Solo se permite el ingreso a dependencias municipales de forma individual"},"content":{"rendered":"\n<p><strong>Solo podr\u00e1n ser acompa\u00f1adas aquellas personas que realmente lo requieran, como ni\u00f1os, ancianos, personas con discapacidad, entre otras.<\/strong><\/p>\n\n\n\n<p>El Gobierno Municipal y el Centro de Emergencias Arroyito (CEA) determinaron que el ingreso a las dependencias municipales se realizar\u00e1 solo de manera individual.<\/p>\n\n\n\n<figure class=\"wp-block-image size-large\"><img loading=\"lazy\" decoding=\"async\" width=\"1024\" height=\"1024\" src=\"https:\/\/arroyitoonline.com.ar\/wp-content\/uploads\/2020\/05\/ingreso-individual-muni-1024x1024.jpeg\" alt=\"\" class=\"wp-image-9018\" srcset=\"https:\/\/arroyitoonline.com.ar\/wp-content\/uploads\/2020\/05\/ingreso-individual-muni-1024x1024.jpeg 1024w, https:\/\/arroyitoonline.com.ar\/wp-content\/uploads\/2020\/05\/ingreso-individual-muni-300x300.jpeg 300w, https:\/\/arroyitoonline.com.ar\/wp-content\/uploads\/2020\/05\/ingreso-individual-muni-150x150.jpeg 150w, https:\/\/arroyitoonline.com.ar\/wp-content\/uploads\/2020\/05\/ingreso-individual-muni-768x768.jpeg 768w, https:\/\/arroyitoonline.com.ar\/wp-content\/uploads\/2020\/05\/ingreso-individual-muni.jpeg 1280w\" sizes=\"auto, (max-width: 1024px) 100vw, 1024px\" \/><\/figure>\n\n\n\n<p>En este marco, podr\u00e1n ser acompa\u00f1adas aquellas personas que realmente lo requieran, como ni\u00f1os, ancianos, personas con discapacidad, entre otras.<\/p>\n\n\n\n<p>Si ten\u00e9s que salir, respet\u00e1 las medidas de prevenci\u00f3n vigentes. No salgas con los chicos, ni con personas de tu grupo familiar, salvo en casos de urgencia y necesidad.<\/p>\n\n\n\n<p>Seamos responsables. Nos cuidamos todos juntos.<\/p>\n","protected":false},"excerpt":{"rendered":"<p>Solo podr\u00e1n ser acompa\u00f1adas aquellas personas que realmente lo requieran, como ni\u00f1os, ancianos, personas con discapacidad, entre otras. El Gobierno&hellip;<\/p>\n","protected":false},"author":3,"featured_media":8654,"comment_status":"closed","ping_status":"open","sticky":false,"template":"","format":"standard","meta":{"footnotes":""},"categories":[829],"tags":[1120,66,67,836,1108,1119,1102,556,572],"class_list":["post-9017","post","type-post","status-publish","format-standard","has-post-thumbnail","hentry","category-municipales-online","tag-aislamiento","tag-arroyito","tag-arroyito-cordoba","tag-arroyito-online","tag-coronavirus","tag-cuarentena","tag-gobierno-municipal","tag-municipalidad-de-arroyito","tag-noticias-de-arroyito-y-zona"],"_links":{"self":[{"href":"https:\/\/arroyitoonline.com.ar\/index.php?rest_route=\/wp\/v2\/posts\/9017","targetHints":{"allow":["GET"]}}],"collection":[{"href":"https:\/\/arroyitoonline.com.ar\/index.php?rest_route=\/wp\/v2\/posts"}],"about":[{"href":"https:\/\/arroyitoonline.com.ar\/index.php?rest_route=\/wp\/v2\/types\/post"}],"author":[{"embeddable":true,"href":"https:\/\/arroyitoonline.com.ar\/index.php?rest_route=\/wp\/v2\/users\/3"}],"replies":[{"embeddable":true,"href":"https:\/\/arroyitoonline.com.ar\/index.php?rest_route=%2Fwp%2Fv2%2Fcomments&post=9017"}],"version-history":[{"count":1,"href":"https:\/\/arroyitoonline.com.ar\/index.php?rest_route=\/wp\/v2\/posts\/9017\/revisions"}],"predecessor-version":[{"id":9019,"href":"https:\/\/arroyitoonline.com.ar\/index.php?rest_route=\/wp\/v2\/posts\/9017\/revisions\/9019"}],"wp:featuredmedia":[{"embeddable":true,"href":"https:\/\/arroyitoonline.com.ar\/index.php?rest_route=\/wp\/v2\/media\/8654"}],"wp:attachment":[{"href":"https:\/\/arroyitoonline.com.ar\/index.php?rest_route=%2Fwp%2Fv2%2Fmedia&parent=9017"}],"wp:term":[{"taxonomy":"category","embeddable":true,"href":"https:\/\/arroyitoonline.com.ar\/index.php?rest_route=%2Fwp%2Fv2%2Fcategories&post=9017"},{"taxonomy":"post_tag","embeddable":true,"href":"https:\/\/arroyitoonline.com.ar\/index.php?rest_route=%2Fwp%2Fv2%2Ftags&post=9017"}],"curies":[{"name":"wp","href":"https:\/\/api.w.org\/{rel}","templated":true}]}}