{"id":9064,"date":"2020-05-18T18:35:49","date_gmt":"2020-05-18T18:35:49","guid":{"rendered":"https:\/\/arroyitoonline.com.ar\/?p=9064"},"modified":"2020-05-18T18:36:00","modified_gmt":"2020-05-18T18:36:00","slug":"en-arroyito-el-aislamiento-obligatorio-genera-preocupacion-estres-y-ansiedad","status":"publish","type":"post","link":"https:\/\/arroyitoonline.com.ar\/?p=9064","title":{"rendered":"En Arroyito, el Aislamiento Obligatorio genera preocupaci\u00f3n, estr\u00e9s y ansiedad"},"content":{"rendered":"\n<p><strong>El dato se desprende de una encuesta online, sobre Estado Emocional de la Poblaci\u00f3n, de la que participaron 871 personas. <\/strong><\/p>\n\n\n\n<p>El Equipo de Salud Mental del Gobierno Municipal desarroll\u00f3 un estudio implementado a trav\u00e9s de una encuesta online para el conocimiento del Estado Emocional de la Poblaci\u00f3n durante el per\u00edodo de Aislamiento Obligatorio.<\/p>\n\n\n\n<figure class=\"wp-block-image size-large\"><img loading=\"lazy\" decoding=\"async\" width=\"955\" height=\"721\" src=\"https:\/\/arroyitoonline.com.ar\/wp-content\/uploads\/2020\/05\/valoraci\u00f3n-emocional-poblaci\u00f3n.jpeg\" alt=\"\" class=\"wp-image-9065\" srcset=\"https:\/\/arroyitoonline.com.ar\/wp-content\/uploads\/2020\/05\/valoraci\u00f3n-emocional-poblaci\u00f3n.jpeg 955w, https:\/\/arroyitoonline.com.ar\/wp-content\/uploads\/2020\/05\/valoraci\u00f3n-emocional-poblaci\u00f3n-300x226.jpeg 300w, https:\/\/arroyitoonline.com.ar\/wp-content\/uploads\/2020\/05\/valoraci\u00f3n-emocional-poblaci\u00f3n-768x580.jpeg 768w\" sizes=\"auto, (max-width: 955px) 100vw, 955px\" \/><\/figure>\n\n\n\n<p>La muestra fue de 871 personas, un 80% de mujeres y la mitad en un rango de 18 a 40 a\u00f1os. Una gran mayor\u00eda, el 85%, piensa de manera esperanzadora en relaci\u00f3n a la pandemia. El 62,3% dice que ha incorporado conductas en relaci\u00f3n al cuidado de la salud, pero un 48% reconoce que toma algunas de las medidas recomendadas y no todas. Por su parte, un 29% de los encuestados refiere que tiene dificultad en el manejo de las emociones y un 18,3% desconoce sus habilidades.<\/p>\n\n\n\n<p>Adem\u00e1s, el 93%, busca estar informada sobre el Covid-19, un 4% nunca se informa y un 3% se obsesiona con la informaci\u00f3n. El 75% refiere que le cuesta creer lo que sucede.<\/p>\n\n\n\n<p>Por \u00faltimo, la poblaci\u00f3n registra como s\u00edntomas productos del aislamiento: preocupaci\u00f3n, estr\u00e9s y ansiedad.<\/p>\n\n\n\n<p>A ra\u00edz de estos datos y de los resultados del trabajo que viene realizando el Equipo de Salud Mental se ha puesto en marcha una capacitaci\u00f3n dirigida a todo el personal sanitario en Primeros Auxilios Psicol\u00f3gicos.<\/p>\n\n\n\n<p>Adem\u00e1s, el equipo ha decidido la implementaci\u00f3n de pol\u00edticas abocadas a la educaci\u00f3n de toda la poblaci\u00f3n, en la incorporaci\u00f3n de h\u00e1bitos que impidan el contagio:<\/p>\n\n\n\n<ul class=\"wp-block-list\"><li>Brindar a la poblaci\u00f3n herramientas necesarias y \u00fatiles para regular sus emociones y mejorar el estado an\u00edmico.<\/li><li>Fortalecer a la poblaci\u00f3n en valores importantes para el bienestar social.<\/li><li>Disminuir los factores de estr\u00e9s. El estr\u00e9s es un gran desorganizador de las funciones cognitivas.<\/li><\/ul>\n\n\n\n<p>Quienes quieran mayor informaci\u00f3n podr\u00e1n contactarse al siguiente email: paola.trasmontana@gmail.com<\/p>\n","protected":false},"excerpt":{"rendered":"<p>El dato se desprende de una encuesta online, sobre Estado Emocional de la Poblaci\u00f3n, de la que participaron 871 personas.&hellip;<\/p>\n","protected":false},"author":3,"featured_media":9067,"comment_status":"closed","ping_status":"open","sticky":false,"template":"","format":"standard","meta":{"footnotes":""},"categories":[9],"tags":[1120,66,67,836,1108,1119,1102,572,706,707],"class_list":["post-9064","post","type-post","status-publish","format-standard","has-post-thumbnail","hentry","category-infosalud","tag-aislamiento","tag-arroyito","tag-arroyito-cordoba","tag-arroyito-online","tag-coronavirus","tag-cuarentena","tag-gobierno-municipal","tag-noticias-de-arroyito-y-zona","tag-salud","tag-salud-mental"],"_links":{"self":[{"href":"https:\/\/arroyitoonline.com.ar\/index.php?rest_route=\/wp\/v2\/posts\/9064","targetHints":{"allow":["GET"]}}],"collection":[{"href":"https:\/\/arroyitoonline.com.ar\/index.php?rest_route=\/wp\/v2\/posts"}],"about":[{"href":"https:\/\/arroyitoonline.com.ar\/index.php?rest_route=\/wp\/v2\/types\/post"}],"author":[{"embeddable":true,"href":"https:\/\/arroyitoonline.com.ar\/index.php?rest_route=\/wp\/v2\/users\/3"}],"replies":[{"embeddable":true,"href":"https:\/\/arroyitoonline.com.ar\/index.php?rest_route=%2Fwp%2Fv2%2Fcomments&post=9064"}],"version-history":[{"count":1,"href":"https:\/\/arroyitoonline.com.ar\/index.php?rest_route=\/wp\/v2\/posts\/9064\/revisions"}],"predecessor-version":[{"id":9068,"href":"https:\/\/arroyitoonline.com.ar\/index.php?rest_route=\/wp\/v2\/posts\/9064\/revisions\/9068"}],"wp:featuredmedia":[{"embeddable":true,"href":"https:\/\/arroyitoonline.com.ar\/index.php?rest_route=\/wp\/v2\/media\/9067"}],"wp:attachment":[{"href":"https:\/\/arroyitoonline.com.ar\/index.php?rest_route=%2Fwp%2Fv2%2Fmedia&parent=9064"}],"wp:term":[{"taxonomy":"category","embeddable":true,"href":"https:\/\/arroyitoonline.com.ar\/index.php?rest_route=%2Fwp%2Fv2%2Fcategories&post=9064"},{"taxonomy":"post_tag","embeddable":true,"href":"https:\/\/arroyitoonline.com.ar\/index.php?rest_route=%2Fwp%2Fv2%2Ftags&post=9064"}],"curies":[{"name":"wp","href":"https:\/\/api.w.org\/{rel}","templated":true}]}}