{"id":9069,"date":"2020-05-18T19:40:15","date_gmt":"2020-05-18T19:40:15","guid":{"rendered":"https:\/\/arroyitoonline.com.ar\/?p=9069"},"modified":"2020-05-18T19:41:13","modified_gmt":"2020-05-18T19:41:13","slug":"motociclista-resulto-con-lesiones-reservadas-tras-chocar-con-una-camioneta","status":"publish","type":"post","link":"https:\/\/arroyitoonline.com.ar\/?p=9069","title":{"rendered":"Motociclista result\u00f3 con lesiones reservadas tras chocar con una camioneta"},"content":{"rendered":"\n<p><strong>El conductor de la moto (42 a\u00f1os) colision\u00f3 desde atr\u00e1s en el costado derecho, a la Toyota Hilux, cuyo \u00fanico ocupante es de Marull.<\/strong><\/p>\n\n\n\n<p>Anoche a las 22:30 horas, se produjo un accidente de tr\u00e1nsito en la intersecci\u00f3n de la Av. Illia con la calle V\u00e9lez Sarsfield.<\/p>\n\n\n\n<p>Momentos antes, una camioneta Toyota Hilux blanca, conducida por un hombre (56 a\u00f1os) de Marull, circulaba por V\u00e9lez de oeste a este y, por causas que tratan de establecerse, cuando lleg\u00f3 a la esquina, fue chocado en el costado derecho trasero por una moto Guerrero Trip negra manejada por un hombre (42 a\u00f1os), que andaba por Illia de sur a norte.<\/p>\n\n\n\n<p>En el lugar se hizo presente el servicio de emergencias trasladando al ocupante del rodado menor al hospital local, donde le diagnosticaron lesiones reservadas.<\/p>\n\n\n\n<p>Por su parte, la Polic\u00eda inici\u00f3 actuaciones sumariales, con conocimiento e intervenci\u00f3n de la Fiscal\u00eda de Arroyito y procedi\u00f3 al secuestro de los veh\u00edculos.<\/p>\n\n\n\n<p>Fuente: informe del jefe de Zona de Inspecci\u00f3n N\u00b0 4, comisario Insp. Diego Rodr\u00edguez.<\/p>\n","protected":false},"excerpt":{"rendered":"<p>El conductor de la moto (42 a\u00f1os) colision\u00f3 desde atr\u00e1s en el costado derecho, a la Toyota Hilux, cuyo \u00fanico&hellip;<\/p>\n","protected":false},"author":3,"featured_media":9071,"comment_status":"closed","ping_status":"open","sticky":false,"template":"","format":"standard","meta":{"footnotes":""},"categories":[824],"tags":[22,23,66,67,836,1086,572,635,637,638,825],"class_list":["post-9069","post","type-post","status-publish","format-standard","has-post-thumbnail","hentry","category-policiales-online","tag-accidente","tag-accidentes","tag-arroyito","tag-arroyito-cordoba","tag-arroyito-online","tag-moto","tag-noticias-de-arroyito-y-zona","tag-policia","tag-policiales","tag-policiales-arroyito","tag-policiales-online"],"_links":{"self":[{"href":"https:\/\/arroyitoonline.com.ar\/index.php?rest_route=\/wp\/v2\/posts\/9069","targetHints":{"allow":["GET"]}}],"collection":[{"href":"https:\/\/arroyitoonline.com.ar\/index.php?rest_route=\/wp\/v2\/posts"}],"about":[{"href":"https:\/\/arroyitoonline.com.ar\/index.php?rest_route=\/wp\/v2\/types\/post"}],"author":[{"embeddable":true,"href":"https:\/\/arroyitoonline.com.ar\/index.php?rest_route=\/wp\/v2\/users\/3"}],"replies":[{"embeddable":true,"href":"https:\/\/arroyitoonline.com.ar\/index.php?rest_route=%2Fwp%2Fv2%2Fcomments&post=9069"}],"version-history":[{"count":2,"href":"https:\/\/arroyitoonline.com.ar\/index.php?rest_route=\/wp\/v2\/posts\/9069\/revisions"}],"predecessor-version":[{"id":9073,"href":"https:\/\/arroyitoonline.com.ar\/index.php?rest_route=\/wp\/v2\/posts\/9069\/revisions\/9073"}],"wp:featuredmedia":[{"embeddable":true,"href":"https:\/\/arroyitoonline.com.ar\/index.php?rest_route=\/wp\/v2\/media\/9071"}],"wp:attachment":[{"href":"https:\/\/arroyitoonline.com.ar\/index.php?rest_route=%2Fwp%2Fv2%2Fmedia&parent=9069"}],"wp:term":[{"taxonomy":"category","embeddable":true,"href":"https:\/\/arroyitoonline.com.ar\/index.php?rest_route=%2Fwp%2Fv2%2Fcategories&post=9069"},{"taxonomy":"post_tag","embeddable":true,"href":"https:\/\/arroyitoonline.com.ar\/index.php?rest_route=%2Fwp%2Fv2%2Ftags&post=9069"}],"curies":[{"name":"wp","href":"https:\/\/api.w.org\/{rel}","templated":true}]}}