{"id":9075,"date":"2020-05-18T20:51:03","date_gmt":"2020-05-18T20:51:03","guid":{"rendered":"https:\/\/arroyitoonline.com.ar\/?p=9075"},"modified":"2020-05-18T20:51:06","modified_gmt":"2020-05-18T20:51:06","slug":"aislamiento-ya-se-permiten-las-caminatas-de-esparcimiento-los-fines-de-semanas","status":"publish","type":"post","link":"https:\/\/arroyitoonline.com.ar\/?p=9075","title":{"rendered":"Aislamiento: ya se permiten las caminatas de esparcimiento los fines de semanas"},"content":{"rendered":"\n<p><strong>Es por terminaci\u00f3n del DNI. Las personas que las realicen no podr\u00e1n alejarse m\u00e1s de 500 metros de su residencia. Menores de 16 deben salir acompa\u00f1ados.<\/strong><\/p>\n\n\n\n<p>En el marco de las flexibilizaciones dispuestas por el Gobierno de la Provincia de C\u00f3rdoba, el Concejo Deliberante local aprob\u00f3 por unanimidad, la ratificaci\u00f3n del Decreto del intendente municipal, de adhesi\u00f3n al Protocolo de Esparcimiento: Caminatas y al Protocolo de flexibilizaci\u00f3n de las Iglesias y los Templos de Culto.<\/p>\n\n\n\n<p><strong>Iglesias y Templos de Culto<\/strong><\/p>\n\n\n\n<p>El Gobierno se encuentra elaborando disposiciones municipales, que se comunicar\u00e1n las semana pr\u00f3xima, conforme al Protocolo Provincial, para esta flexibilizaci\u00f3n.<\/p>\n\n\n\n<figure class=\"wp-block-embed-youtube wp-block-embed is-type-video is-provider-youtube wp-embed-aspect-16-9 wp-has-aspect-ratio\"><div class=\"wp-block-embed__wrapper\">\n<div class=\"epyt-video-wrapper\"><iframe loading=\"lazy\"  style=\"display: block; margin: 0px auto;\"  id=\"_ytid_45947\"  width=\"1140\" height=\"641\"  data-origwidth=\"1140\" data-origheight=\"641\" src=\"https:\/\/www.youtube.com\/embed\/NSmEZwWTdXw?enablejsapi=1&#038;autoplay=0&#038;cc_load_policy=1&#038;cc_lang_pref=&#038;iv_load_policy=3&#038;loop=0&#038;rel=1&#038;fs=1&#038;playsinline=0&#038;autohide=2&#038;theme=dark&#038;color=red&#038;controls=1&#038;disablekb=0&#038;\" class=\"__youtube_prefs__  epyt-is-override  no-lazyload\" title=\"YouTube player\"  allow=\"fullscreen; accelerometer; autoplay; clipboard-write; encrypted-media; gyroscope; picture-in-picture; web-share\" referrerpolicy=\"strict-origin-when-cross-origin\" allowfullscreen data-no-lazy=\"1\" data-skipgform_ajax_framebjll=\"\"><\/iframe><\/div>\n<\/div><figcaption><em>Comunicado del intendente municipal Gustavo Benedetti<\/em><\/figcaption><\/figure>\n\n\n\n<p><strong>Caminatas<\/strong><\/p>\n\n\n\n<p>Las personas que no pertenecen al grupo de riesgo, podr\u00e1n realizar caminatas los d\u00edas s\u00e1bados, domingos y feriados, de 14:00 a 18:00 horas, con el siguiente cronograma:<br>a) los d\u00edas pares las personas con terminaci\u00f3n de DNI pares.<br>b) los d\u00edas impares las personas con terminaci\u00f3n de DNI impares.<br>2) El tiempo m\u00e1ximo no debe superar los 60 minutos.<br>3) Las caminatas son continuas, sin detenerse.<br>4) Las personas que las realicen no podr\u00e1n alejarse m\u00e1s de 500 metros de su residencia.<br>5) Deber\u00e1n ser individuales o con el grupo de convivencia. No se permiten actividades colectivas con personas ajenas al grupo de convivencia.<br>6) Cada persona deber\u00e1 portar su documento de identidad.<br>7) Los ni\u00f1os menores 16 a\u00f1os deber\u00e1n estar acompa\u00f1ados por un mayor responsable y primar\u00e1 el documento del mayor de cada grupo familiar en caso de controles municipales o policiales.<\/p>\n\n\n\n<p>Es importante remarcar que no se permiten las actividades de esparcimiento en plazas o parques y que para la realizaci\u00f3n de las caminatas, las personas mayores de cuatro a\u00f1os deber\u00e1n utilizar barbijos no quir\u00fargicos y respetar la distancia correspondiente con las dem\u00e1s personas.<\/p>\n\n\n\n<p>Fuente: Comunicaci\u00f3n y Protocolo del Gobierno Municipal.<\/p>\n","protected":false},"excerpt":{"rendered":"<p>Es por terminaci\u00f3n del DNI. Las personas que las realicen no podr\u00e1n alejarse m\u00e1s de 500 metros de su residencia.&hellip;<\/p>\n","protected":false},"author":3,"featured_media":9077,"comment_status":"closed","ping_status":"open","sticky":false,"template":"","format":"standard","meta":{"footnotes":""},"categories":[900],"tags":[1120,66,67,836,891,227,1108,1119,404,405,1102,570],"class_list":["post-9075","post","type-post","status-publish","format-standard","has-post-thumbnail","hentry","category-noticias","tag-aislamiento","tag-arroyito","tag-arroyito-cordoba","tag-arroyito-online","tag-concejales","tag-concejo-deliberante","tag-coronavirus","tag-cuarentena","tag-gobierno-de-cordoba","tag-gobierno-de-la-provincia","tag-gobierno-municipal","tag-ninez"],"_links":{"self":[{"href":"https:\/\/arroyitoonline.com.ar\/index.php?rest_route=\/wp\/v2\/posts\/9075","targetHints":{"allow":["GET"]}}],"collection":[{"href":"https:\/\/arroyitoonline.com.ar\/index.php?rest_route=\/wp\/v2\/posts"}],"about":[{"href":"https:\/\/arroyitoonline.com.ar\/index.php?rest_route=\/wp\/v2\/types\/post"}],"author":[{"embeddable":true,"href":"https:\/\/arroyitoonline.com.ar\/index.php?rest_route=\/wp\/v2\/users\/3"}],"replies":[{"embeddable":true,"href":"https:\/\/arroyitoonline.com.ar\/index.php?rest_route=%2Fwp%2Fv2%2Fcomments&post=9075"}],"version-history":[{"count":1,"href":"https:\/\/arroyitoonline.com.ar\/index.php?rest_route=\/wp\/v2\/posts\/9075\/revisions"}],"predecessor-version":[{"id":9078,"href":"https:\/\/arroyitoonline.com.ar\/index.php?rest_route=\/wp\/v2\/posts\/9075\/revisions\/9078"}],"wp:featuredmedia":[{"embeddable":true,"href":"https:\/\/arroyitoonline.com.ar\/index.php?rest_route=\/wp\/v2\/media\/9077"}],"wp:attachment":[{"href":"https:\/\/arroyitoonline.com.ar\/index.php?rest_route=%2Fwp%2Fv2%2Fmedia&parent=9075"}],"wp:term":[{"taxonomy":"category","embeddable":true,"href":"https:\/\/arroyitoonline.com.ar\/index.php?rest_route=%2Fwp%2Fv2%2Fcategories&post=9075"},{"taxonomy":"post_tag","embeddable":true,"href":"https:\/\/arroyitoonline.com.ar\/index.php?rest_route=%2Fwp%2Fv2%2Ftags&post=9075"}],"curies":[{"name":"wp","href":"https:\/\/api.w.org\/{rel}","templated":true}]}}