{"id":9083,"date":"2020-05-18T23:57:22","date_gmt":"2020-05-18T23:57:22","guid":{"rendered":"https:\/\/arroyitoonline.com.ar\/?p=9083"},"modified":"2020-05-18T23:57:26","modified_gmt":"2020-05-18T23:57:26","slug":"ley-micaela-el-concejo-deliberante-aprobo-la-adhesion-de-la-municipalidad-de-arroyito","status":"publish","type":"post","link":"https:\/\/arroyitoonline.com.ar\/?p=9083","title":{"rendered":"Ley Micaela: el Concejo Deliberante aprob\u00f3 la adhesi\u00f3n de la Municipalidad de Arroyito"},"content":{"rendered":"\n<p><strong>Dispone la capacitaci\u00f3n obligatoria en tem\u00e1tica de g\u00e9nero y violencia contra las mujeres, para todas las personas que se desempe\u00f1en la funci\u00f3n p\u00fablica.<\/strong><\/p>\n\n\n\n<p>El jueves 14 de mayo, el Concejo Deliberante de la Ciudad de Arroyito, por unanimidad, aprob\u00f3 el Proyecto de Ordenanza: Adhesi\u00f3n de la Municipalidad de Arroyito a la Ley Provincial N\u00b0 10628 de Adhesi\u00f3n de la Provincia de C\u00f3rdoba a la Ley Nacional N\u00b0 27499 \u2013 Ley Micaela, de Capacitaci\u00f3n Obligatoria y Permanente en G\u00e9nero para todas las personas que integran los Poderes del Estado.<\/p>\n\n\n\n<p>Esta propuesta, que form\u00f3 parte del discurso inaugural en la Apertura de Sesiones Ordinarias del Concejo Deliberante, del intendente Gustavo Benedetti, el 1\u00b0 de marzo pasado, implica un gran compromiso pol\u00edtico por parte del equipo de gobierno para desarrollarla.<\/p>\n\n\n\n<p>La Ley Nacional Micaela fue promulgada en el mes de enero del a\u00f1o 2018 y dispone la capacitaci\u00f3n obligatoria en tem\u00e1tica de g\u00e9nero y violencia contra las mujeres, para todas las personas que se desempe\u00f1en la funci\u00f3n p\u00fablica en todos sus niveles.<\/p>\n\n\n\n<p>Esta ley, de gran importancia en el contexto actual, implica la prevenci\u00f3n, sanci\u00f3n y erradicaci\u00f3n de la violencia de g\u00e9nero, en todos los \u00e1mbitos de desarrollo.<\/p>\n\n\n\n<p>Fuente: Comunicaci\u00f3n y Protocolo del Gobierno Municipal. <\/p>\n","protected":false},"excerpt":{"rendered":"<p>Dispone la capacitaci\u00f3n obligatoria en tem\u00e1tica de g\u00e9nero y violencia contra las mujeres, para todas las personas que se desempe\u00f1en&hellip;<\/p>\n","protected":false},"author":3,"featured_media":9086,"comment_status":"closed","ping_status":"open","sticky":false,"template":"","format":"standard","meta":{"footnotes":""},"categories":[920],"tags":[66,67,836,226,227,404,405,1102,857,1146,572],"class_list":["post-9083","post","type-post","status-publish","format-standard","has-post-thumbnail","hentry","category-concejo-deliberante-online","tag-arroyito","tag-arroyito-cordoba","tag-arroyito-online","tag-concejo","tag-concejo-deliberante","tag-gobierno-de-cordoba","tag-gobierno-de-la-provincia","tag-gobierno-municipal","tag-gobierno-nacional","tag-ley-micaela","tag-noticias-de-arroyito-y-zona"],"_links":{"self":[{"href":"https:\/\/arroyitoonline.com.ar\/index.php?rest_route=\/wp\/v2\/posts\/9083","targetHints":{"allow":["GET"]}}],"collection":[{"href":"https:\/\/arroyitoonline.com.ar\/index.php?rest_route=\/wp\/v2\/posts"}],"about":[{"href":"https:\/\/arroyitoonline.com.ar\/index.php?rest_route=\/wp\/v2\/types\/post"}],"author":[{"embeddable":true,"href":"https:\/\/arroyitoonline.com.ar\/index.php?rest_route=\/wp\/v2\/users\/3"}],"replies":[{"embeddable":true,"href":"https:\/\/arroyitoonline.com.ar\/index.php?rest_route=%2Fwp%2Fv2%2Fcomments&post=9083"}],"version-history":[{"count":1,"href":"https:\/\/arroyitoonline.com.ar\/index.php?rest_route=\/wp\/v2\/posts\/9083\/revisions"}],"predecessor-version":[{"id":9087,"href":"https:\/\/arroyitoonline.com.ar\/index.php?rest_route=\/wp\/v2\/posts\/9083\/revisions\/9087"}],"wp:featuredmedia":[{"embeddable":true,"href":"https:\/\/arroyitoonline.com.ar\/index.php?rest_route=\/wp\/v2\/media\/9086"}],"wp:attachment":[{"href":"https:\/\/arroyitoonline.com.ar\/index.php?rest_route=%2Fwp%2Fv2%2Fmedia&parent=9083"}],"wp:term":[{"taxonomy":"category","embeddable":true,"href":"https:\/\/arroyitoonline.com.ar\/index.php?rest_route=%2Fwp%2Fv2%2Fcategories&post=9083"},{"taxonomy":"post_tag","embeddable":true,"href":"https:\/\/arroyitoonline.com.ar\/index.php?rest_route=%2Fwp%2Fv2%2Ftags&post=9083"}],"curies":[{"name":"wp","href":"https:\/\/api.w.org\/{rel}","templated":true}]}}