{"id":9114,"date":"2020-05-22T15:18:22","date_gmt":"2020-05-22T15:18:22","guid":{"rendered":"https:\/\/arroyitoonline.com.ar\/?p=9114"},"modified":"2020-05-22T15:18:48","modified_gmt":"2020-05-22T15:18:48","slug":"covid-19-en-arroyito-tras-el-primer-caso-positivo-se-esperan-resultados-de-26-hisopados","status":"publish","type":"post","link":"https:\/\/arroyitoonline.com.ar\/?p=9114","title":{"rendered":"Covid-19 en Arroyito: tras el primer caso positivo, se esperan resultados de 26 hisopados"},"content":{"rendered":"\n<p><strong>Adem\u00e1s, han sido descartados por negativos los cuatro casos que se encontraban al aguardo de resultados.<\/strong><\/p>\n\n\n\n<p>Ayer se confirm\u00f3 el primer caso positivo de Covid-19 en Arroyito. Se trata de una se\u00f1ora mayor que hab\u00eda estado internada en el Hospital Italiano de C\u00f3rdoba, donde se registr\u00f3 un brote de la enfermedad. As\u00ed lo inform\u00f3 el intendente Gustavo Benedetti, mediante un comunicado.<\/p>\n\n\n\n<figure class=\"wp-block-embed-youtube wp-block-embed is-type-video is-provider-youtube wp-embed-aspect-16-9 wp-has-aspect-ratio\"><div class=\"wp-block-embed__wrapper\">\n<div class=\"epyt-video-wrapper\"><iframe loading=\"lazy\"  style=\"display: block; margin: 0px auto;\"  id=\"_ytid_68660\"  width=\"1140\" height=\"641\"  data-origwidth=\"1140\" data-origheight=\"641\" src=\"https:\/\/www.youtube.com\/embed\/Vq6MK4kXvUA?enablejsapi=1&#038;autoplay=0&#038;cc_load_policy=1&#038;cc_lang_pref=&#038;iv_load_policy=3&#038;loop=0&#038;rel=1&#038;fs=1&#038;playsinline=0&#038;autohide=2&#038;theme=dark&#038;color=red&#038;controls=1&#038;disablekb=0&#038;\" class=\"__youtube_prefs__  epyt-is-override  no-lazyload\" title=\"YouTube player\"  allow=\"fullscreen; accelerometer; autoplay; clipboard-write; encrypted-media; gyroscope; picture-in-picture; web-share\" referrerpolicy=\"strict-origin-when-cross-origin\" allowfullscreen data-no-lazy=\"1\" data-skipgform_ajax_framebjll=\"\"><\/iframe><\/div>\n<\/div><\/figure>\n\n\n\n<p>Tambi\u00e9n en la jornada del jueves 21 se han realizado 26 nuevos hisopados por contacto estrecho con el caso cero, que se encuentran al aguardo de los resultados. Adem\u00e1s, han sido descartados por negativos los cuatro casos que se encontraban al aguardo de resultados.<\/p>\n\n\n\n<figure class=\"wp-block-embed-youtube wp-block-embed is-type-video is-provider-youtube wp-embed-aspect-16-9 wp-has-aspect-ratio\"><div class=\"wp-block-embed__wrapper\">\n<div class=\"epyt-video-wrapper\"><iframe loading=\"lazy\"  style=\"display: block; margin: 0px auto;\"  id=\"_ytid_13979\"  width=\"1140\" height=\"641\"  data-origwidth=\"1140\" data-origheight=\"641\" src=\"https:\/\/www.youtube.com\/embed\/laOFIED-QiI?enablejsapi=1&#038;autoplay=0&#038;cc_load_policy=1&#038;cc_lang_pref=&#038;iv_load_policy=3&#038;loop=0&#038;rel=1&#038;fs=1&#038;playsinline=0&#038;autohide=2&#038;theme=dark&#038;color=red&#038;controls=1&#038;disablekb=0&#038;\" class=\"__youtube_prefs__  epyt-is-override  no-lazyload\" title=\"YouTube player\"  allow=\"fullscreen; accelerometer; autoplay; clipboard-write; encrypted-media; gyroscope; picture-in-picture; web-share\" referrerpolicy=\"strict-origin-when-cross-origin\" allowfullscreen data-no-lazy=\"1\" data-skipgform_ajax_framebjll=\"\"><\/iframe><\/div>\n<\/div><\/figure>\n\n\n\n<p>Por recomendaci\u00f3n epidemiol\u00f3gica, se realizaron hisopados a 14 personas del personal m\u00e9dico que transita fuera de la Ciudad, que dieron como resultado negativo. En Total, son 38 los casos que fueron descartados por negativos, 26 los casos en estudio y un caso positivo.<\/p>\n\n\n\n<p>Fuente: Comunicaci\u00f3n y Protocolo del Gobierno Municipal. <\/p>\n\n\n\n<p>Foto de portada solo a modo ilustrativo: RTVE.es.<\/p>\n","protected":false},"excerpt":{"rendered":"<p>Adem\u00e1s, han sido descartados por negativos los cuatro casos que se encontraban al aguardo de resultados. Ayer se confirm\u00f3 el&hellip;<\/p>\n","protected":false},"author":3,"featured_media":9115,"comment_status":"closed","ping_status":"open","sticky":false,"template":"","format":"standard","meta":{"footnotes":""},"categories":[9],"tags":[1120,66,67,836,1108,1102,426,572],"class_list":["post-9114","post","type-post","status-publish","format-standard","has-post-thumbnail","hentry","category-infosalud","tag-aislamiento","tag-arroyito","tag-arroyito-cordoba","tag-arroyito-online","tag-coronavirus","tag-gobierno-municipal","tag-hospital","tag-noticias-de-arroyito-y-zona"],"_links":{"self":[{"href":"https:\/\/arroyitoonline.com.ar\/index.php?rest_route=\/wp\/v2\/posts\/9114","targetHints":{"allow":["GET"]}}],"collection":[{"href":"https:\/\/arroyitoonline.com.ar\/index.php?rest_route=\/wp\/v2\/posts"}],"about":[{"href":"https:\/\/arroyitoonline.com.ar\/index.php?rest_route=\/wp\/v2\/types\/post"}],"author":[{"embeddable":true,"href":"https:\/\/arroyitoonline.com.ar\/index.php?rest_route=\/wp\/v2\/users\/3"}],"replies":[{"embeddable":true,"href":"https:\/\/arroyitoonline.com.ar\/index.php?rest_route=%2Fwp%2Fv2%2Fcomments&post=9114"}],"version-history":[{"count":2,"href":"https:\/\/arroyitoonline.com.ar\/index.php?rest_route=\/wp\/v2\/posts\/9114\/revisions"}],"predecessor-version":[{"id":9117,"href":"https:\/\/arroyitoonline.com.ar\/index.php?rest_route=\/wp\/v2\/posts\/9114\/revisions\/9117"}],"wp:featuredmedia":[{"embeddable":true,"href":"https:\/\/arroyitoonline.com.ar\/index.php?rest_route=\/wp\/v2\/media\/9115"}],"wp:attachment":[{"href":"https:\/\/arroyitoonline.com.ar\/index.php?rest_route=%2Fwp%2Fv2%2Fmedia&parent=9114"}],"wp:term":[{"taxonomy":"category","embeddable":true,"href":"https:\/\/arroyitoonline.com.ar\/index.php?rest_route=%2Fwp%2Fv2%2Fcategories&post=9114"},{"taxonomy":"post_tag","embeddable":true,"href":"https:\/\/arroyitoonline.com.ar\/index.php?rest_route=%2Fwp%2Fv2%2Ftags&post=9114"}],"curies":[{"name":"wp","href":"https:\/\/api.w.org\/{rel}","templated":true}]}}