{"id":9118,"date":"2020-05-21T15:22:34","date_gmt":"2020-05-21T15:22:34","guid":{"rendered":"https:\/\/arroyitoonline.com.ar\/?p=9118"},"modified":"2020-05-22T15:45:25","modified_gmt":"2020-05-22T15:45:25","slug":"se-confirmo-el-primer-caso-de-covid-19-en-arroyito-proviene-del-hospital-italiano","status":"publish","type":"post","link":"https:\/\/arroyitoonline.com.ar\/?p=9118","title":{"rendered":"Se confirm\u00f3 el primer caso de Covid-19 en Arroyito: proviene del Hospital Italiano"},"content":{"rendered":"\n<p><strong>La paciente arrib\u00f3 el d\u00eda domingo a la ciudad, con hisopados negativos, en una ambulancia de ese nosocomio.<\/strong><\/p>\n\n\n\n<p>El Centro de Emergencia de Arroyito comunic\u00f3 que uno de los casos sospechosos de Covid-19 ha dado como resultado positivo y los otros cuatro casos han dado como resultado negativo.<\/p>\n\n\n\n<figure class=\"wp-block-embed-youtube wp-block-embed is-type-video is-provider-youtube wp-embed-aspect-16-9 wp-has-aspect-ratio\"><div class=\"wp-block-embed__wrapper\">\n<div class=\"epyt-video-wrapper\"><iframe loading=\"lazy\"  style=\"display: block; margin: 0px auto;\"  id=\"_ytid_98552\"  width=\"1140\" height=\"641\"  data-origwidth=\"1140\" data-origheight=\"641\" src=\"https:\/\/www.youtube.com\/embed\/Vq6MK4kXvUA?enablejsapi=1&#038;autoplay=0&#038;cc_load_policy=1&#038;cc_lang_pref=&#038;iv_load_policy=3&#038;loop=0&#038;rel=1&#038;fs=1&#038;playsinline=0&#038;autohide=2&#038;theme=dark&#038;color=red&#038;controls=1&#038;disablekb=0&#038;\" class=\"__youtube_prefs__  epyt-is-override  no-lazyload\" title=\"YouTube player\"  allow=\"fullscreen; accelerometer; autoplay; clipboard-write; encrypted-media; gyroscope; picture-in-picture; web-share\" referrerpolicy=\"strict-origin-when-cross-origin\" allowfullscreen data-no-lazy=\"1\" data-skipgform_ajax_framebjll=\"\"><\/iframe><\/div>\n<\/div><figcaption><em>El comunicado del intendente Gustavo Benedetti.<\/em><\/figcaption><\/figure>\n\n\n\n<p>El positivo corresponde a una mujer mayor que arrib\u00f3 el d\u00eda domingo a la ciudad, con hisopado negativo, en una ambulancia proveniente del Hospital Italiano.<\/p>\n\n\n\n<p>La paciente fue dada de alta y derivada desde C\u00f3rdoba a su domicilio en Arroyito, luego de haberse realizado tres hisopados que dieron como resultado negativo, dando aviso de esto al Hospital Municipal Carlos J. Rodr\u00edguez.<\/p>\n\n\n\n<figure class=\"wp-block-embed-youtube wp-block-embed is-type-video is-provider-youtube wp-embed-aspect-16-9 wp-has-aspect-ratio\"><div class=\"wp-block-embed__wrapper\">\n<div class=\"epyt-video-wrapper\"><iframe loading=\"lazy\"  style=\"display: block; margin: 0px auto;\"  id=\"_ytid_63564\"  width=\"1140\" height=\"641\"  data-origwidth=\"1140\" data-origheight=\"641\" src=\"https:\/\/www.youtube.com\/embed\/laOFIED-QiI?enablejsapi=1&#038;autoplay=0&#038;cc_load_policy=1&#038;cc_lang_pref=&#038;iv_load_policy=3&#038;loop=0&#038;rel=1&#038;fs=1&#038;playsinline=0&#038;autohide=2&#038;theme=dark&#038;color=red&#038;controls=1&#038;disablekb=0&#038;\" class=\"__youtube_prefs__  epyt-is-override  no-lazyload\" title=\"YouTube player\"  allow=\"fullscreen; accelerometer; autoplay; clipboard-write; encrypted-media; gyroscope; picture-in-picture; web-share\" referrerpolicy=\"strict-origin-when-cross-origin\" allowfullscreen data-no-lazy=\"1\" data-skipgform_ajax_framebjll=\"\"><\/iframe><\/div>\n<\/div><figcaption><em>El informe m\u00e9dico del primer caso positivo, en palabras de la infect\u00f3loga M\u00f3nica Rodr\u00edguez.<\/em><\/figcaption><\/figure>\n\n\n\n<p>Por su parte, el martes, la paciente ingres\u00f3 al nosocomio local con s\u00edntomas febriles, por lo que se la intern\u00f3 en el bloque 5 de Aislamiento y se le realiz\u00f3 otro hisopado, dando este \u00faltimo resultado positivo el d\u00eda de hoy.<\/p>\n\n\n\n<p>A partir de esto, se han activado los protocolos correspondientes. Al tratarse de un caso importado, se est\u00e1n tomando las m\u00e1ximas medidas de seguridad para que se anulen sus alcances.<\/p>\n\n\n\n<p>Fuente: Comunicaci\u00f3n y Protocolo del Gobierno Municipal.<\/p>\n","protected":false},"excerpt":{"rendered":"<p>La paciente arrib\u00f3 el d\u00eda domingo a la ciudad, con hisopados negativos, en una ambulancia de ese nosocomio. El Centro&hellip;<\/p>\n","protected":false},"author":3,"featured_media":9120,"comment_status":"closed","ping_status":"open","sticky":false,"template":"","format":"standard","meta":{"footnotes":""},"categories":[9],"tags":[1120,66,67,836,1108,1119,1102,426,572,706],"class_list":["post-9118","post","type-post","status-publish","format-standard","has-post-thumbnail","hentry","category-infosalud","tag-aislamiento","tag-arroyito","tag-arroyito-cordoba","tag-arroyito-online","tag-coronavirus","tag-cuarentena","tag-gobierno-municipal","tag-hospital","tag-noticias-de-arroyito-y-zona","tag-salud"],"_links":{"self":[{"href":"https:\/\/arroyitoonline.com.ar\/index.php?rest_route=\/wp\/v2\/posts\/9118","targetHints":{"allow":["GET"]}}],"collection":[{"href":"https:\/\/arroyitoonline.com.ar\/index.php?rest_route=\/wp\/v2\/posts"}],"about":[{"href":"https:\/\/arroyitoonline.com.ar\/index.php?rest_route=\/wp\/v2\/types\/post"}],"author":[{"embeddable":true,"href":"https:\/\/arroyitoonline.com.ar\/index.php?rest_route=\/wp\/v2\/users\/3"}],"replies":[{"embeddable":true,"href":"https:\/\/arroyitoonline.com.ar\/index.php?rest_route=%2Fwp%2Fv2%2Fcomments&post=9118"}],"version-history":[{"count":2,"href":"https:\/\/arroyitoonline.com.ar\/index.php?rest_route=\/wp\/v2\/posts\/9118\/revisions"}],"predecessor-version":[{"id":9122,"href":"https:\/\/arroyitoonline.com.ar\/index.php?rest_route=\/wp\/v2\/posts\/9118\/revisions\/9122"}],"wp:featuredmedia":[{"embeddable":true,"href":"https:\/\/arroyitoonline.com.ar\/index.php?rest_route=\/wp\/v2\/media\/9120"}],"wp:attachment":[{"href":"https:\/\/arroyitoonline.com.ar\/index.php?rest_route=%2Fwp%2Fv2%2Fmedia&parent=9118"}],"wp:term":[{"taxonomy":"category","embeddable":true,"href":"https:\/\/arroyitoonline.com.ar\/index.php?rest_route=%2Fwp%2Fv2%2Fcategories&post=9118"},{"taxonomy":"post_tag","embeddable":true,"href":"https:\/\/arroyitoonline.com.ar\/index.php?rest_route=%2Fwp%2Fv2%2Ftags&post=9118"}],"curies":[{"name":"wp","href":"https:\/\/api.w.org\/{rel}","templated":true}]}}