{"id":9153,"date":"2020-05-23T20:59:55","date_gmt":"2020-05-23T20:59:55","guid":{"rendered":"https:\/\/arroyitoonline.com.ar\/?p=9153"},"modified":"2020-05-23T20:59:57","modified_gmt":"2020-05-23T20:59:57","slug":"sin-recoleccion-de-residuos-domiciliarios-el-lunes-25","status":"publish","type":"post","link":"https:\/\/arroyitoonline.com.ar\/?p=9153","title":{"rendered":"Sin recolecci\u00f3n de residuos domiciliarios el lunes 25"},"content":{"rendered":"\n<p><strong>Es por tratarse de un feriado nacional. La actividad se retomar\u00e1 el martes 26. <\/strong><\/p>\n\n\n\n<p>La Secretar\u00eda de Servicios P\u00fablicos del Gobierno Municipal comunica a toda la poblaci\u00f3n que, el lunes 25 de mayo, no habr\u00e1 recolecci\u00f3n de residuos domiciliarios, por tratarse de un feriado nacional.<\/p>\n\n\n\n<figure class=\"wp-block-image size-large\"><img loading=\"lazy\" decoding=\"async\" width=\"1024\" height=\"1024\" src=\"https:\/\/arroyitoonline.com.ar\/wp-content\/uploads\/2020\/05\/no-hay-recolecci\u00f3n-de-residuos-1024x1024.jpeg\" alt=\"\" class=\"wp-image-9154\" srcset=\"https:\/\/arroyitoonline.com.ar\/wp-content\/uploads\/2020\/05\/no-hay-recolecci\u00f3n-de-residuos-1024x1024.jpeg 1024w, https:\/\/arroyitoonline.com.ar\/wp-content\/uploads\/2020\/05\/no-hay-recolecci\u00f3n-de-residuos-300x300.jpeg 300w, https:\/\/arroyitoonline.com.ar\/wp-content\/uploads\/2020\/05\/no-hay-recolecci\u00f3n-de-residuos-150x150.jpeg 150w, https:\/\/arroyitoonline.com.ar\/wp-content\/uploads\/2020\/05\/no-hay-recolecci\u00f3n-de-residuos-768x768.jpeg 768w, https:\/\/arroyitoonline.com.ar\/wp-content\/uploads\/2020\/05\/no-hay-recolecci\u00f3n-de-residuos.jpeg 1181w\" sizes=\"auto, (max-width: 1024px) 100vw, 1024px\" \/><figcaption><em>No habr\u00e1 recolecci\u00f3n de residuos domiciliarios el feriado del 25.<\/em><\/figcaption><\/figure>\n\n\n\n<p>La actividad se retomar\u00e1 el martes 26, en horarios nocturnos.<\/p>\n\n\n\n<p>Fuente: Comunicaci\u00f3n y Protocolo del Gobierno Municipal. <\/p>\n","protected":false},"excerpt":{"rendered":"<p>Es por tratarse de un feriado nacional. La actividad se retomar\u00e1 el martes 26. La Secretar\u00eda de Servicios P\u00fablicos del&hellip;<\/p>\n","protected":false},"author":3,"featured_media":2563,"comment_status":"closed","ping_status":"open","sticky":false,"template":"","format":"standard","meta":{"footnotes":""},"categories":[879],"tags":[66,67,836,111,1102,572,731,732],"class_list":["post-9153","post","type-post","status-publish","format-standard","has-post-thumbnail","hentry","category-servicios-publicos","tag-arroyito","tag-arroyito-cordoba","tag-arroyito-online","tag-basura","tag-gobierno-municipal","tag-noticias-de-arroyito-y-zona","tag-servicios","tag-servicios-publicos"],"_links":{"self":[{"href":"https:\/\/arroyitoonline.com.ar\/index.php?rest_route=\/wp\/v2\/posts\/9153","targetHints":{"allow":["GET"]}}],"collection":[{"href":"https:\/\/arroyitoonline.com.ar\/index.php?rest_route=\/wp\/v2\/posts"}],"about":[{"href":"https:\/\/arroyitoonline.com.ar\/index.php?rest_route=\/wp\/v2\/types\/post"}],"author":[{"embeddable":true,"href":"https:\/\/arroyitoonline.com.ar\/index.php?rest_route=\/wp\/v2\/users\/3"}],"replies":[{"embeddable":true,"href":"https:\/\/arroyitoonline.com.ar\/index.php?rest_route=%2Fwp%2Fv2%2Fcomments&post=9153"}],"version-history":[{"count":1,"href":"https:\/\/arroyitoonline.com.ar\/index.php?rest_route=\/wp\/v2\/posts\/9153\/revisions"}],"predecessor-version":[{"id":9155,"href":"https:\/\/arroyitoonline.com.ar\/index.php?rest_route=\/wp\/v2\/posts\/9153\/revisions\/9155"}],"wp:featuredmedia":[{"embeddable":true,"href":"https:\/\/arroyitoonline.com.ar\/index.php?rest_route=\/wp\/v2\/media\/2563"}],"wp:attachment":[{"href":"https:\/\/arroyitoonline.com.ar\/index.php?rest_route=%2Fwp%2Fv2%2Fmedia&parent=9153"}],"wp:term":[{"taxonomy":"category","embeddable":true,"href":"https:\/\/arroyitoonline.com.ar\/index.php?rest_route=%2Fwp%2Fv2%2Fcategories&post=9153"},{"taxonomy":"post_tag","embeddable":true,"href":"https:\/\/arroyitoonline.com.ar\/index.php?rest_route=%2Fwp%2Fv2%2Ftags&post=9153"}],"curies":[{"name":"wp","href":"https:\/\/api.w.org\/{rel}","templated":true}]}}