{"id":9162,"date":"2020-05-23T21:30:42","date_gmt":"2020-05-23T21:30:42","guid":{"rendered":"https:\/\/arroyitoonline.com.ar\/?p=9162"},"modified":"2020-05-23T21:30:44","modified_gmt":"2020-05-23T21:30:44","slug":"el-gobierno-municipal-esta-sanitizando-las-calles-de-la-ciudad","status":"publish","type":"post","link":"https:\/\/arroyitoonline.com.ar\/?p=9162","title":{"rendered":"El Gobierno Municipal est\u00e1 sanitizando las calles de la ciudad"},"content":{"rendered":"\n<p><strong>La m\u00e1quina roc\u00eda hipoclorito al 0.3%, como medida preventiva de contagio del covid-19.<\/strong><\/p>\n\n\n\n<p>El Gobierno Municipal realiz\u00f3 sanitizaci\u00f3n con agua y cloro al 0.3% de las calles de la ciudad, como medida preventiva de contagio del covid-19.<\/p>\n\n\n\n<p>La m\u00e1quina de sanitizaci\u00f3n roc\u00eda hipoclorito al 0.3%. Ayer se procedi\u00f3 a la higienizaci\u00f3n en algunas arterias y se continuar\u00e1 con la desinfecci\u00f3n hoy.<\/p>\n\n\n\n<figure class=\"wp-block-image\"><img decoding=\"async\" src=\"https:\/\/www.municipioarroyito.gob.ar\/wp-content\/uploads\/2020\/05\/WhatsApp-Image-2020-05-23-at-1.48.53-PM-1024x683.jpeg\" alt=\"\" class=\"wp-image-27161\"\/><\/figure>\n\n\n\n<p>El Gobierno Municipal recuerda a la poblaci\u00f3n la importancia de que permanezcan en sus hogares, manteniendo la distancia entre personas si circulan por la v\u00eda p\u00fablica y, cuando lleguen al hogar, tomen medidas preventivas de higiene.<\/p>\n\n\n\n<p>Fuente: Comunicaci\u00f3n y Protocolo del Gobierno Municipal.<\/p>\n","protected":false},"excerpt":{"rendered":"<p>La m\u00e1quina roc\u00eda hipoclorito al 0.3%, como medida preventiva de contagio del covid-19. El Gobierno Municipal realiz\u00f3 sanitizaci\u00f3n con agua&hellip;<\/p>\n","protected":false},"author":3,"featured_media":9163,"comment_status":"closed","ping_status":"open","sticky":false,"template":"","format":"standard","meta":{"footnotes":""},"categories":[829],"tags":[1120,66,67,836,1108,1119,1102,572],"class_list":["post-9162","post","type-post","status-publish","format-standard","has-post-thumbnail","hentry","category-municipales-online","tag-aislamiento","tag-arroyito","tag-arroyito-cordoba","tag-arroyito-online","tag-coronavirus","tag-cuarentena","tag-gobierno-municipal","tag-noticias-de-arroyito-y-zona"],"_links":{"self":[{"href":"https:\/\/arroyitoonline.com.ar\/index.php?rest_route=\/wp\/v2\/posts\/9162","targetHints":{"allow":["GET"]}}],"collection":[{"href":"https:\/\/arroyitoonline.com.ar\/index.php?rest_route=\/wp\/v2\/posts"}],"about":[{"href":"https:\/\/arroyitoonline.com.ar\/index.php?rest_route=\/wp\/v2\/types\/post"}],"author":[{"embeddable":true,"href":"https:\/\/arroyitoonline.com.ar\/index.php?rest_route=\/wp\/v2\/users\/3"}],"replies":[{"embeddable":true,"href":"https:\/\/arroyitoonline.com.ar\/index.php?rest_route=%2Fwp%2Fv2%2Fcomments&post=9162"}],"version-history":[{"count":1,"href":"https:\/\/arroyitoonline.com.ar\/index.php?rest_route=\/wp\/v2\/posts\/9162\/revisions"}],"predecessor-version":[{"id":9164,"href":"https:\/\/arroyitoonline.com.ar\/index.php?rest_route=\/wp\/v2\/posts\/9162\/revisions\/9164"}],"wp:featuredmedia":[{"embeddable":true,"href":"https:\/\/arroyitoonline.com.ar\/index.php?rest_route=\/wp\/v2\/media\/9163"}],"wp:attachment":[{"href":"https:\/\/arroyitoonline.com.ar\/index.php?rest_route=%2Fwp%2Fv2%2Fmedia&parent=9162"}],"wp:term":[{"taxonomy":"category","embeddable":true,"href":"https:\/\/arroyitoonline.com.ar\/index.php?rest_route=%2Fwp%2Fv2%2Fcategories&post=9162"},{"taxonomy":"post_tag","embeddable":true,"href":"https:\/\/arroyitoonline.com.ar\/index.php?rest_route=%2Fwp%2Fv2%2Ftags&post=9162"}],"curies":[{"name":"wp","href":"https:\/\/api.w.org\/{rel}","templated":true}]}}