{"id":9165,"date":"2020-05-23T21:40:56","date_gmt":"2020-05-23T21:40:56","guid":{"rendered":"https:\/\/arroyitoonline.com.ar\/?p=9165"},"modified":"2020-05-23T21:41:04","modified_gmt":"2020-05-23T21:41:04","slug":"el-fuertecito-ripiaron-y-nivelaron-las-calles","status":"publish","type":"post","link":"https:\/\/arroyitoonline.com.ar\/?p=9165","title":{"rendered":"El Fuertecito: ripiaron y nivelaron las calles"},"content":{"rendered":"\n<p><strong>Las tareas permiten darles m\u00e1s nivel y resistencia, as\u00ed como un mayor escurrimiento del agua.<\/strong><\/p>\n\n\n\n<p>El intendente municipal, Gustavo Benedetti, visit\u00f3 la obra de ripiado y nivelaci\u00f3n que se est\u00e1 realizando en las calles de El Fuertecito. Se encuentran trabajando en su ejecuci\u00f3n, la Secretar\u00eda de Servicios P\u00fablicos y la Direcci\u00f3n de Desarrollo Urbano del Gobierno Municipal.<\/p>\n\n\n\n<p>En la tarde del d\u00eda ayer se complet\u00f3 la tarea en la totalidad de las calles, que est\u00e1 siendo realizada con maquinarias municipales y permite darles m\u00e1s nivel y resistencia, as\u00ed como un mayor escurrimiento del agua.<\/p>\n\n\n\n<p>Cumpliendo con el compromiso asumido, Benedetti <em>&#8220;se encuentra presente y respondiendo a las necesidades de cada uno de los sectores de nuestra comunidad&#8221;<\/em>, se\u00f1alaron desde el Gobierno Municipal.<\/p>\n\n\n\n<p>Fuente: Comunicaci\u00f3n y Protocolo del Gobierno Municipal.<\/p>\n","protected":false},"excerpt":{"rendered":"<p>Las tareas permiten darles m\u00e1s nivel y resistencia, as\u00ed como un mayor escurrimiento del agua. El intendente municipal, Gustavo Benedetti,&hellip;<\/p>\n","protected":false},"author":3,"featured_media":9166,"comment_status":"closed","ping_status":"open","sticky":false,"template":"","format":"standard","meta":{"footnotes":""},"categories":[1044],"tags":[66,67,836,115,138,315,1102,968,572,578],"class_list":["post-9165","post","type-post","status-publish","format-standard","has-post-thumbnail","hentry","category-obras-publicas","tag-arroyito","tag-arroyito-cordoba","tag-arroyito-online","tag-benedetti","tag-calles","tag-el-fuertecito","tag-gobierno-municipal","tag-gustavo-benedetti","tag-noticias-de-arroyito-y-zona","tag-obras-publicas"],"_links":{"self":[{"href":"https:\/\/arroyitoonline.com.ar\/index.php?rest_route=\/wp\/v2\/posts\/9165","targetHints":{"allow":["GET"]}}],"collection":[{"href":"https:\/\/arroyitoonline.com.ar\/index.php?rest_route=\/wp\/v2\/posts"}],"about":[{"href":"https:\/\/arroyitoonline.com.ar\/index.php?rest_route=\/wp\/v2\/types\/post"}],"author":[{"embeddable":true,"href":"https:\/\/arroyitoonline.com.ar\/index.php?rest_route=\/wp\/v2\/users\/3"}],"replies":[{"embeddable":true,"href":"https:\/\/arroyitoonline.com.ar\/index.php?rest_route=%2Fwp%2Fv2%2Fcomments&post=9165"}],"version-history":[{"count":1,"href":"https:\/\/arroyitoonline.com.ar\/index.php?rest_route=\/wp\/v2\/posts\/9165\/revisions"}],"predecessor-version":[{"id":9167,"href":"https:\/\/arroyitoonline.com.ar\/index.php?rest_route=\/wp\/v2\/posts\/9165\/revisions\/9167"}],"wp:featuredmedia":[{"embeddable":true,"href":"https:\/\/arroyitoonline.com.ar\/index.php?rest_route=\/wp\/v2\/media\/9166"}],"wp:attachment":[{"href":"https:\/\/arroyitoonline.com.ar\/index.php?rest_route=%2Fwp%2Fv2%2Fmedia&parent=9165"}],"wp:term":[{"taxonomy":"category","embeddable":true,"href":"https:\/\/arroyitoonline.com.ar\/index.php?rest_route=%2Fwp%2Fv2%2Fcategories&post=9165"},{"taxonomy":"post_tag","embeddable":true,"href":"https:\/\/arroyitoonline.com.ar\/index.php?rest_route=%2Fwp%2Fv2%2Ftags&post=9165"}],"curies":[{"name":"wp","href":"https:\/\/api.w.org\/{rel}","templated":true}]}}