{"id":9187,"date":"2020-05-26T20:23:05","date_gmt":"2020-05-26T20:23:05","guid":{"rendered":"https:\/\/arroyitoonline.com.ar\/?p=9187"},"modified":"2020-05-26T20:23:14","modified_gmt":"2020-05-26T20:23:14","slug":"alcoholizado-choco-varios-autos-estacionados-y-fue-detenido-por-violacion-del-aislamiento-obligatorio","status":"publish","type":"post","link":"https:\/\/arroyitoonline.com.ar\/?p=9187","title":{"rendered":"Alcoholizado, choc\u00f3 varios autos estacionados y fue detenido por violaci\u00f3n del Aislamiento Obligatorio"},"content":{"rendered":"\n<p><strong>Se trata de un hombre de 38 a\u00f1os, que no pudo justificar su presencia en la v\u00eda p\u00fablica. <\/strong><\/p>\n\n\n\n<p>El domingo 24 a las 20:00 horas, la Polic\u00eda traslad\u00f3, desde la intersecci\u00f3n de la calle General Paz y la Av. Marcelino Bernardi, a un hombre (38 a\u00f1os) de Arroyito. Momentos antes, este sujeto hab\u00eda colisionado unos veh\u00edculos estacionados, con su Chevrolet Montana blanco, bajo los efectos de la halitosis alcoh\u00f3lica.<\/p>\n\n\n\n<p>En el lugar, personal policial le consult\u00f3 si ten\u00eda conocimiento de la cuarentena, aduciendo el hombre que s\u00ed estaba al tanto del decreto de Aislamiento Social Preventivo y Obligatorio librado por el Poder Ejecutivo Nacional, pero no pudiendo justificar su presencia en la v\u00eda p\u00fablica.<\/p>\n\n\n\n<p>Por lo tanto, el sujeto fue aprehendido y trasladado a la Comisar\u00eda local, quedando alojado por supuesta infracci\u00f3n al Decnu 297\/2020, quedando a disposici\u00f3n de la Fiscal\u00eda de Instrucci\u00f3n local y siendo su veh\u00edculo secuestrado.<\/p>\n\n\n\n<p>Fuente: informe del jefe de Zona de Inspecci\u00f3n N\u00b0 4, Crio. Insp. Diego Rodr\u00edguez.<\/p>\n","protected":false},"excerpt":{"rendered":"<p>Se trata de un hombre de 38 a\u00f1os, que no pudo justificar su presencia en la v\u00eda p\u00fablica. El domingo&hellip;<\/p>\n","protected":false},"author":3,"featured_media":8868,"comment_status":"closed","ping_status":"open","sticky":false,"template":"","format":"standard","meta":{"footnotes":""},"categories":[824],"tags":[66,67,836,191,1108,1119,572,635,637,638,825],"class_list":["post-9187","post","type-post","status-publish","format-standard","has-post-thumbnail","hentry","category-policiales-online","tag-arroyito","tag-arroyito-cordoba","tag-arroyito-online","tag-choque","tag-coronavirus","tag-cuarentena","tag-noticias-de-arroyito-y-zona","tag-policia","tag-policiales","tag-policiales-arroyito","tag-policiales-online"],"_links":{"self":[{"href":"https:\/\/arroyitoonline.com.ar\/index.php?rest_route=\/wp\/v2\/posts\/9187","targetHints":{"allow":["GET"]}}],"collection":[{"href":"https:\/\/arroyitoonline.com.ar\/index.php?rest_route=\/wp\/v2\/posts"}],"about":[{"href":"https:\/\/arroyitoonline.com.ar\/index.php?rest_route=\/wp\/v2\/types\/post"}],"author":[{"embeddable":true,"href":"https:\/\/arroyitoonline.com.ar\/index.php?rest_route=\/wp\/v2\/users\/3"}],"replies":[{"embeddable":true,"href":"https:\/\/arroyitoonline.com.ar\/index.php?rest_route=%2Fwp%2Fv2%2Fcomments&post=9187"}],"version-history":[{"count":1,"href":"https:\/\/arroyitoonline.com.ar\/index.php?rest_route=\/wp\/v2\/posts\/9187\/revisions"}],"predecessor-version":[{"id":9188,"href":"https:\/\/arroyitoonline.com.ar\/index.php?rest_route=\/wp\/v2\/posts\/9187\/revisions\/9188"}],"wp:featuredmedia":[{"embeddable":true,"href":"https:\/\/arroyitoonline.com.ar\/index.php?rest_route=\/wp\/v2\/media\/8868"}],"wp:attachment":[{"href":"https:\/\/arroyitoonline.com.ar\/index.php?rest_route=%2Fwp%2Fv2%2Fmedia&parent=9187"}],"wp:term":[{"taxonomy":"category","embeddable":true,"href":"https:\/\/arroyitoonline.com.ar\/index.php?rest_route=%2Fwp%2Fv2%2Fcategories&post=9187"},{"taxonomy":"post_tag","embeddable":true,"href":"https:\/\/arroyitoonline.com.ar\/index.php?rest_route=%2Fwp%2Fv2%2Ftags&post=9187"}],"curies":[{"name":"wp","href":"https:\/\/api.w.org\/{rel}","templated":true}]}}