{"id":9270,"date":"2020-06-03T11:20:02","date_gmt":"2020-06-03T11:20:02","guid":{"rendered":"https:\/\/arroyitoonline.com.ar\/?p=9270"},"modified":"2020-06-03T11:20:05","modified_gmt":"2020-06-03T11:20:05","slug":"un-joven-hallo-sin-vida-a-su-abuelo-en-la-casa-que-compartian","status":"publish","type":"post","link":"https:\/\/arroyitoonline.com.ar\/?p=9270","title":{"rendered":"Un joven hall\u00f3 sin vida a su abuelo, en la casa que compart\u00edan"},"content":{"rendered":"\n<p><strong>Se trata de un hombre de 77 a\u00f1os de nacionalidad paraguaya. El cuerpo fue trasladado a la Morgue Judicial de San Francisco.<\/strong><\/p>\n\n\n\n<p>Ayer a las 10:10 de la ma\u00f1ana, solicitaron la presencia policial en Av. Caretto N\u00b0 300 de esta ciudad, donde habria un hombre sin vida.<\/p>\n\n\n\n<p>En el lugar, se hizo presente personal policial, entrevistando a un joven de 28 a\u00f1os, el que manifest\u00f3 que vive en ese domicilio y que, cuando fue en busca de su abuelo ya que a\u00fan permanec\u00eda acostado, lo encontr\u00f3 sin signos vitales. Por tal motivo solicit\u00f3 la presencia policial y el Servicio de Emergencias, que constat\u00f3 el deceso de un hombre de 77 a\u00f1os de nacionalidad paraguaya.<\/p>\n\n\n\n<p>Se dio participaci\u00f3n a la Fiscal\u00eda de Instrucci\u00f3n local, qui\u00e9n dispuso que se haga presente Polic\u00eda Judicial, trasladando el cuerpo a la morgue judicial de San Francisco.<\/p>\n\n\n\n<p>Fuente: informe del jefe de Zona de Inspecci\u00f3n N\u00b0 4, comisario Insp. Diego Rodr\u00edguez. <\/p>\n","protected":false},"excerpt":{"rendered":"<p>Se trata de un hombre de 77 a\u00f1os de nacionalidad paraguaya. El cuerpo fue trasladado a la Morgue Judicial de&hellip;<\/p>\n","protected":false},"author":3,"featured_media":8868,"comment_status":"closed","ping_status":"open","sticky":false,"template":"","format":"standard","meta":{"footnotes":""},"categories":[824],"tags":[66,67,836,548,572,635,637,638,825],"class_list":["post-9270","post","type-post","status-publish","format-standard","has-post-thumbnail","hentry","category-policiales-online","tag-arroyito","tag-arroyito-cordoba","tag-arroyito-online","tag-muerte","tag-noticias-de-arroyito-y-zona","tag-policia","tag-policiales","tag-policiales-arroyito","tag-policiales-online"],"_links":{"self":[{"href":"https:\/\/arroyitoonline.com.ar\/index.php?rest_route=\/wp\/v2\/posts\/9270","targetHints":{"allow":["GET"]}}],"collection":[{"href":"https:\/\/arroyitoonline.com.ar\/index.php?rest_route=\/wp\/v2\/posts"}],"about":[{"href":"https:\/\/arroyitoonline.com.ar\/index.php?rest_route=\/wp\/v2\/types\/post"}],"author":[{"embeddable":true,"href":"https:\/\/arroyitoonline.com.ar\/index.php?rest_route=\/wp\/v2\/users\/3"}],"replies":[{"embeddable":true,"href":"https:\/\/arroyitoonline.com.ar\/index.php?rest_route=%2Fwp%2Fv2%2Fcomments&post=9270"}],"version-history":[{"count":1,"href":"https:\/\/arroyitoonline.com.ar\/index.php?rest_route=\/wp\/v2\/posts\/9270\/revisions"}],"predecessor-version":[{"id":9271,"href":"https:\/\/arroyitoonline.com.ar\/index.php?rest_route=\/wp\/v2\/posts\/9270\/revisions\/9271"}],"wp:featuredmedia":[{"embeddable":true,"href":"https:\/\/arroyitoonline.com.ar\/index.php?rest_route=\/wp\/v2\/media\/8868"}],"wp:attachment":[{"href":"https:\/\/arroyitoonline.com.ar\/index.php?rest_route=%2Fwp%2Fv2%2Fmedia&parent=9270"}],"wp:term":[{"taxonomy":"category","embeddable":true,"href":"https:\/\/arroyitoonline.com.ar\/index.php?rest_route=%2Fwp%2Fv2%2Fcategories&post=9270"},{"taxonomy":"post_tag","embeddable":true,"href":"https:\/\/arroyitoonline.com.ar\/index.php?rest_route=%2Fwp%2Fv2%2Ftags&post=9270"}],"curies":[{"name":"wp","href":"https:\/\/api.w.org\/{rel}","templated":true}]}}