{"id":9305,"date":"2020-06-03T22:33:47","date_gmt":"2020-06-03T22:33:47","guid":{"rendered":"https:\/\/arroyitoonline.com.ar\/?p=9305"},"modified":"2020-06-03T22:33:53","modified_gmt":"2020-06-03T22:33:53","slug":"se-conocio-el-calendario-de-vacunacion-de-junio","status":"publish","type":"post","link":"https:\/\/arroyitoonline.com.ar\/?p=9305","title":{"rendered":"Se conoci\u00f3 el calendario de vacunaci\u00f3n de junio"},"content":{"rendered":"\n<p><strong>Se colocan la vacuna Antigripal y\/o lo que corresponda seg\u00fan el calendario.<\/strong><\/p>\n\n\n\n<p>El Hospital Municipal Carlos J. Rodr\u00edguez comunica los d\u00edas y horarios de vacunaci\u00f3n del mes de junio.<\/p>\n\n\n\n<p>Los ni\u00f1os hasta dos a\u00f1os podr\u00e1n vacunarse los d\u00edas lunes, mi\u00e9rcoles y viernes de 7:00 a 11:00 horas.<\/p>\n\n\n\n<figure class=\"wp-block-image size-large\"><img loading=\"lazy\" decoding=\"async\" width=\"1024\" height=\"1024\" src=\"https:\/\/arroyitoonline.com.ar\/wp-content\/uploads\/2020\/06\/vacunaci\u00f3n-1024x1024.jpeg\" alt=\"\" class=\"wp-image-9306\" srcset=\"https:\/\/arroyitoonline.com.ar\/wp-content\/uploads\/2020\/06\/vacunaci\u00f3n-1024x1024.jpeg 1024w, https:\/\/arroyitoonline.com.ar\/wp-content\/uploads\/2020\/06\/vacunaci\u00f3n-300x300.jpeg 300w, https:\/\/arroyitoonline.com.ar\/wp-content\/uploads\/2020\/06\/vacunaci\u00f3n-150x150.jpeg 150w, https:\/\/arroyitoonline.com.ar\/wp-content\/uploads\/2020\/06\/vacunaci\u00f3n-768x768.jpeg 768w, https:\/\/arroyitoonline.com.ar\/wp-content\/uploads\/2020\/06\/vacunaci\u00f3n.jpeg 1280w\" sizes=\"auto, (max-width: 1024px) 100vw, 1024px\" \/><\/figure>\n\n\n\n<p>Por su parte, los chicos mayores de dos a\u00f1os y adultos en general podr\u00e1n vacunarse los martes y jueves de 7:00 a 11:00 horas.<\/p>\n\n\n\n<p>Se colocan la vacuna Antigripal y\/o lo que corresponda seg\u00fan el calendario.<\/p>\n\n\n\n<p>Fuente: Comunicaci\u00f3n y Protocolo del Gobierno Municipal. <\/p>\n","protected":false},"excerpt":{"rendered":"<p>Se colocan la vacuna Antigripal y\/o lo que corresponda seg\u00fan el calendario. El Hospital Municipal Carlos J. Rodr\u00edguez comunica los&hellip;<\/p>\n","protected":false},"author":3,"featured_media":8623,"comment_status":"closed","ping_status":"open","sticky":false,"template":"","format":"standard","meta":{"footnotes":""},"categories":[9],"tags":[66,67,836,1102,572,789,790],"class_list":["post-9305","post","type-post","status-publish","format-standard","has-post-thumbnail","hentry","category-infosalud","tag-arroyito","tag-arroyito-cordoba","tag-arroyito-online","tag-gobierno-municipal","tag-noticias-de-arroyito-y-zona","tag-vacuna-antigripal","tag-vacunacion"],"_links":{"self":[{"href":"https:\/\/arroyitoonline.com.ar\/index.php?rest_route=\/wp\/v2\/posts\/9305","targetHints":{"allow":["GET"]}}],"collection":[{"href":"https:\/\/arroyitoonline.com.ar\/index.php?rest_route=\/wp\/v2\/posts"}],"about":[{"href":"https:\/\/arroyitoonline.com.ar\/index.php?rest_route=\/wp\/v2\/types\/post"}],"author":[{"embeddable":true,"href":"https:\/\/arroyitoonline.com.ar\/index.php?rest_route=\/wp\/v2\/users\/3"}],"replies":[{"embeddable":true,"href":"https:\/\/arroyitoonline.com.ar\/index.php?rest_route=%2Fwp%2Fv2%2Fcomments&post=9305"}],"version-history":[{"count":1,"href":"https:\/\/arroyitoonline.com.ar\/index.php?rest_route=\/wp\/v2\/posts\/9305\/revisions"}],"predecessor-version":[{"id":9307,"href":"https:\/\/arroyitoonline.com.ar\/index.php?rest_route=\/wp\/v2\/posts\/9305\/revisions\/9307"}],"wp:featuredmedia":[{"embeddable":true,"href":"https:\/\/arroyitoonline.com.ar\/index.php?rest_route=\/wp\/v2\/media\/8623"}],"wp:attachment":[{"href":"https:\/\/arroyitoonline.com.ar\/index.php?rest_route=%2Fwp%2Fv2%2Fmedia&parent=9305"}],"wp:term":[{"taxonomy":"category","embeddable":true,"href":"https:\/\/arroyitoonline.com.ar\/index.php?rest_route=%2Fwp%2Fv2%2Fcategories&post=9305"},{"taxonomy":"post_tag","embeddable":true,"href":"https:\/\/arroyitoonline.com.ar\/index.php?rest_route=%2Fwp%2Fv2%2Ftags&post=9305"}],"curies":[{"name":"wp","href":"https:\/\/api.w.org\/{rel}","templated":true}]}}