{"id":9323,"date":"2020-06-02T09:41:49","date_gmt":"2020-06-02T09:41:49","guid":{"rendered":"https:\/\/arroyitoonline.com.ar\/?p=9323"},"modified":"2020-06-04T21:42:11","modified_gmt":"2020-06-04T21:42:11","slug":"el-gobierno-municipal-convoca-a-vecinos-que-tengan-experiencia-en-poda-y-extraccion-de-arboles","status":"publish","type":"post","link":"https:\/\/arroyitoonline.com.ar\/?p=9323","title":{"rendered":"El Gobierno Municipal convoca a vecinos que tengan experiencia en poda y extracci\u00f3n de \u00e1rboles"},"content":{"rendered":"\n<p><strong>Es para que formen parte de la Lista de Recomendaci\u00f3n de Poda que brinda el Municipio a los vecinos que se encuentren interesados en este servicio.<\/strong><\/p>\n\n\n\n<p>El \u00e1rea de Ambiente y Energ\u00eda del Gobierno Municipal convoca a las personas de Arroyito, La Curva y El Fuertecito, que tengan experiencia en el rubro: poda y extracci\u00f3n de \u00e1rboles, con el fin de que formen parte de la Lista de Recomendaci\u00f3n de Poda que brinda el Municipio a los vecinos que se encuentren interesados en este servicio.<\/p>\n\n\n\n<p>La convocatoria tiene un cupo m\u00e1ximo de 15 personas, que deber\u00e1n realizar el Curso Habilitante anual organizado por la Municipalidad, a cargo del Ing. Manuel Carabajal.<\/p>\n\n\n\n<p>Las personas interesadas en inscribirse deber\u00e1n comunicarse al n\u00famero de tel\u00e9fono \u201cCuidemos el Ambiente\u201d: 3576 477341. Las inscripciones pueden realizarse hasta el mi\u00e9rcoles de 3 de junio a las 12:00 horas.<\/p>\n\n\n\n<p>Fuente: Comunicavi\u00f3n y Protocolo del Gobierno Municipal.<\/p>\n","protected":false},"excerpt":{"rendered":"<p>Es para que formen parte de la Lista de Recomendaci\u00f3n de Poda que brinda el Municipio a los vecinos que&hellip;<\/p>\n","protected":false},"author":3,"featured_media":3768,"comment_status":"closed","ping_status":"open","sticky":false,"template":"","format":"standard","meta":{"footnotes":""},"categories":[913],"tags":[58,66,67,836,153,1102,572,632],"class_list":["post-9323","post","type-post","status-publish","format-standard","has-post-thumbnail","hentry","category-medio-ambiente","tag-arboles","tag-arroyito","tag-arroyito-cordoba","tag-arroyito-online","tag-capacitacion","tag-gobierno-municipal","tag-noticias-de-arroyito-y-zona","tag-poda"],"_links":{"self":[{"href":"https:\/\/arroyitoonline.com.ar\/index.php?rest_route=\/wp\/v2\/posts\/9323","targetHints":{"allow":["GET"]}}],"collection":[{"href":"https:\/\/arroyitoonline.com.ar\/index.php?rest_route=\/wp\/v2\/posts"}],"about":[{"href":"https:\/\/arroyitoonline.com.ar\/index.php?rest_route=\/wp\/v2\/types\/post"}],"author":[{"embeddable":true,"href":"https:\/\/arroyitoonline.com.ar\/index.php?rest_route=\/wp\/v2\/users\/3"}],"replies":[{"embeddable":true,"href":"https:\/\/arroyitoonline.com.ar\/index.php?rest_route=%2Fwp%2Fv2%2Fcomments&post=9323"}],"version-history":[{"count":1,"href":"https:\/\/arroyitoonline.com.ar\/index.php?rest_route=\/wp\/v2\/posts\/9323\/revisions"}],"predecessor-version":[{"id":9324,"href":"https:\/\/arroyitoonline.com.ar\/index.php?rest_route=\/wp\/v2\/posts\/9323\/revisions\/9324"}],"wp:featuredmedia":[{"embeddable":true,"href":"https:\/\/arroyitoonline.com.ar\/index.php?rest_route=\/wp\/v2\/media\/3768"}],"wp:attachment":[{"href":"https:\/\/arroyitoonline.com.ar\/index.php?rest_route=%2Fwp%2Fv2%2Fmedia&parent=9323"}],"wp:term":[{"taxonomy":"category","embeddable":true,"href":"https:\/\/arroyitoonline.com.ar\/index.php?rest_route=%2Fwp%2Fv2%2Fcategories&post=9323"},{"taxonomy":"post_tag","embeddable":true,"href":"https:\/\/arroyitoonline.com.ar\/index.php?rest_route=%2Fwp%2Fv2%2Ftags&post=9323"}],"curies":[{"name":"wp","href":"https:\/\/api.w.org\/{rel}","templated":true}]}}