{"id":9333,"date":"2020-06-06T01:00:57","date_gmt":"2020-06-06T01:00:57","guid":{"rendered":"https:\/\/arroyitoonline.com.ar\/?p=9333"},"modified":"2020-06-06T01:01:06","modified_gmt":"2020-06-06T01:01:06","slug":"emprender-en-tiempos-de-covid-19-un-lavadero-que-se-reinvento-para-dar-trabajo-y-apostar-al-crecimiento","status":"publish","type":"post","link":"https:\/\/arroyitoonline.com.ar\/?p=9333","title":{"rendered":"Emprender en tiempos de Covid-19: un lavadero que se reinvent\u00f3 para dar trabajo y apostar al crecimiento"},"content":{"rendered":"\n<p><strong>En plena pandemia, Lavadero El Chelo cambi\u00f3 de manos y nombre evitando su cierre, devolvi\u00e9ndoles el empleo a dos personas que lo hab\u00edan perdido. \u00a0<\/strong><\/p>\n\n\n\n<p>El Aislamiento Obligatorio, en respuesta a la emergencia sanitaria por el Covid-19, agrav\u00f3 la crisis que vive casi la totalidad de los rubros comerciales en todo el pa\u00eds. Muchos tuvieron que bajar sus persianas, al menos por el primer tiempo de la cuarentena, y otros a\u00fan no pueden abrirlas.<\/p>\n\n\n\n<p>Ante este duro panorama, se suman negocios que se enfrentan a la posibilidad de un cierre definitivo, por la acumulaci\u00f3n de deudas y la reducci\u00f3n de sus ingresos al m\u00ednimo. Pero, todav\u00eda hay audaces que se animan a m\u00e1s, a apostar fuerte y a arriesgarse. Este es el caso de <strong>Lavadero 258 <\/strong>(ex\u2013Lavadero El Chelo), en Av. Mariano Moreno 258.<\/p>\n\n\n\n<p><em>\u201cLa idea surgi\u00f3 de la necesidad de ayudar a dos personas que necesitaban un empleo. Ambos saben soldar, pintar, hacer trabajos de alba\u00f1iler\u00eda en general, es decir, son dos chicos j\u00f3venes todo terreno\u201d<\/em>, cont\u00f3 a Arroyito Online, <strong>Walter<\/strong>, el flamante propietario de este negocio dedicado a la limpieza de veh\u00edculos.<\/p>\n\n\n\n<p>Todo empez\u00f3 cuando, sin querer, lavando su auto en el lavadero en el que siempre lo hac\u00eda, Walter se enter\u00f3 de que el due\u00f1o se iba del negocio <em>y \u201crealmente me pareci\u00f3 justo hacerme cargo, para ayudar a estas dos personas que estaban sin empleo, y ya que el negocio del lavado est\u00e1 vinculado a la higiene (nos han dicho hasta el cansancio que nos lavemos las manos); tambi\u00e9n vi que era necesario aplicarlo a los veh\u00edculos, ya que con la posible transmisi\u00f3n del virus por objetos, la gente que est\u00e1 exceptuada necesita higienizar sus veh\u00edculos\u201d<\/em>.<\/p>\n\n\n\n<p>Por otro lado, Walter aprovech\u00f3 que <em>\u201cyo hace rato que me manejo con las redes sociales e internet en general, pero esta pandemia nos trajo como un regalo, el hecho de que el usuario tuviera que aprender a usar Instagram Facebook Tik Tok, etc. Lo cual hace que hoy emprender sea, en el aspecto de la puesta en marcha, un poco m\u00e1s f\u00e1cil por tener miles de usuarios activos\u201d<\/em>.<\/p>\n\n\n\n<p>Al lugar ya le hicieron varias reformas que le aportan valor agregado: Walter pint\u00f3 el mural de la entrada, donde puede verse el logo de <strong>Lavadero 258<\/strong>, mientras que sus dos ayudantes hicieron soldaduras, trabajos de alba\u00f1iler\u00eda, pintura y arreglos en general.<\/p>\n\n\n\n<p>Adem\u00e1s, ya piensan en la expansi\u00f3n: est\u00e1n en proceso de agregarle un peque\u00f1o shop para venta de accesorios de interiores, como desodorantes, limpia tapizados, etc. Por el momento, solo hacen los lavados completos y est\u00e1n a la espera de una m\u00e1quina limpia tapizados. Tambi\u00e9n van a lavar motores.<\/p>\n\n\n\n<p><em>\u201cTratamos de dar un servicio diferenciado llevando al cliente en veh\u00edculo propio y, si el cliente lo desea, lo vamos a buscar para que retire su veh\u00edculo\u201d<\/em>, cuenta un entusiasmado Walter, demostrando que no hay excusas para el esp\u00edritu emprendedor.<\/p>\n\n\n\n<p>Seguilos en las redes: <a href=\"https:\/\/www.instagram.com\/258lavadero\/?hl=es-la\" target=\"_blank\" rel=\"noreferrer noopener\">Instagram<\/a> y <a href=\"https:\/\/www.facebook.com\/lavadero258\/\" target=\"_blank\" rel=\"noreferrer noopener\">Facebook<\/a> como @258lavadero. Tel\u00e9fono: 03576 472531.<\/p>\n","protected":false},"excerpt":{"rendered":"<p>En plena pandemia, Lavadero El Chelo cambi\u00f3 de manos y nombre evitando su cierre, devolvi\u00e9ndoles el empleo a dos personas&hellip;<\/p>\n","protected":false},"author":3,"featured_media":9334,"comment_status":"closed","ping_status":"open","sticky":false,"template":"","format":"standard","meta":{"footnotes":""},"categories":[996],"tags":[1120,66,67,836,217,1108,1119,325,326,572,768],"class_list":["post-9333","post","type-post","status-publish","format-standard","has-post-thumbnail","hentry","category-comercio","tag-aislamiento","tag-arroyito","tag-arroyito-cordoba","tag-arroyito-online","tag-comercio","tag-coronavirus","tag-cuarentena","tag-emprendedores","tag-emprendimientos","tag-noticias-de-arroyito-y-zona","tag-trabajo"],"_links":{"self":[{"href":"https:\/\/arroyitoonline.com.ar\/index.php?rest_route=\/wp\/v2\/posts\/9333","targetHints":{"allow":["GET"]}}],"collection":[{"href":"https:\/\/arroyitoonline.com.ar\/index.php?rest_route=\/wp\/v2\/posts"}],"about":[{"href":"https:\/\/arroyitoonline.com.ar\/index.php?rest_route=\/wp\/v2\/types\/post"}],"author":[{"embeddable":true,"href":"https:\/\/arroyitoonline.com.ar\/index.php?rest_route=\/wp\/v2\/users\/3"}],"replies":[{"embeddable":true,"href":"https:\/\/arroyitoonline.com.ar\/index.php?rest_route=%2Fwp%2Fv2%2Fcomments&post=9333"}],"version-history":[{"count":1,"href":"https:\/\/arroyitoonline.com.ar\/index.php?rest_route=\/wp\/v2\/posts\/9333\/revisions"}],"predecessor-version":[{"id":9335,"href":"https:\/\/arroyitoonline.com.ar\/index.php?rest_route=\/wp\/v2\/posts\/9333\/revisions\/9335"}],"wp:featuredmedia":[{"embeddable":true,"href":"https:\/\/arroyitoonline.com.ar\/index.php?rest_route=\/wp\/v2\/media\/9334"}],"wp:attachment":[{"href":"https:\/\/arroyitoonline.com.ar\/index.php?rest_route=%2Fwp%2Fv2%2Fmedia&parent=9333"}],"wp:term":[{"taxonomy":"category","embeddable":true,"href":"https:\/\/arroyitoonline.com.ar\/index.php?rest_route=%2Fwp%2Fv2%2Fcategories&post=9333"},{"taxonomy":"post_tag","embeddable":true,"href":"https:\/\/arroyitoonline.com.ar\/index.php?rest_route=%2Fwp%2Fv2%2Ftags&post=9333"}],"curies":[{"name":"wp","href":"https:\/\/api.w.org\/{rel}","templated":true}]}}