{"id":9340,"date":"2020-06-10T00:00:09","date_gmt":"2020-06-10T00:00:09","guid":{"rendered":"https:\/\/arroyitoonline.com.ar\/?p=9340"},"modified":"2020-06-10T00:00:28","modified_gmt":"2020-06-10T00:00:28","slug":"andaban-en-moto-a-alta-velocidad-y-fueron-detenidos-por-violacion-del-aislamiento-obligatorio","status":"publish","type":"post","link":"https:\/\/arroyitoonline.com.ar\/?p=9340","title":{"rendered":"Andaban en moto a alta velocidad y fueron detenidos por violaci\u00f3n del Aislamiento Obligatorio"},"content":{"rendered":"\n<p><strong>Se trata de dos j\u00f3venes, uno de 18 y el otro de 24 a\u00f1os, de la localidad de El T\u00edo. Circulaban por la Ruta Nacional N\u00b0 19, a la altura del Km 210.<\/strong><\/p>\n\n\n\n<p>El viernes pasado, a las 22:50 horas, personal policial se encontraba realizando parada preventiva a la altura del kil\u00f3metro 210 de la Ruta Nacional N\u00b0 19. En ese momento, el uniformado observ\u00f3 que, en el camino rural, circulaba una moto con dos hombres a alta velocidad.<\/p>\n\n\n\n<p>Al darle alcance y hacer que se detenga fue controlada. El motoveh\u00edculo, una Zanella negra con gris sin dominio y con escape ruidoso, era conducido por un joven (18 a\u00f1os), acompa\u00f1ado por otro (24 a\u00f1os), ambos de la localidad de El T\u00edo.<\/p>\n\n\n\n<p>Al consultarles sobre su conocimiento de la vigencia del Decreto de Aislamiento Social Preventivo y Obligatorio del Covid-19 manifestaron que estaban al tanto, pero no pudieron justificar su presencia, motivo por el cual fueron trasladados a la Comisar\u00eda local.<\/p>\n\n\n\n<p>Quedaron alojados por supuesto autor del delito de supresi\u00f3n de numeraci\u00f3n de objetos registrables y por supuesta infracci\u00f3n al Art. 205 (Ser\u00e1 reprimido con prisi\u00f3n de seis meses a dos a\u00f1os, el que violare las medidas adoptadas por las autoridades competentes, para impedir la introducci\u00f3n o propagaci\u00f3n de una epidemia) del C\u00f3digo Penal (Decnu 297\/2020).<\/p>\n\n\n\n<p>La Polic\u00eda tambi\u00e9n procedi\u00f3 al secuestro del rodado, a disposici\u00f3n de la Fiscal\u00eda de Instrucci\u00f3n de esta ciudad.<\/p>\n\n\n\n<p>Fuente: informe del jefe de Zona de Inspecci\u00f3n N\u00b0 4, comisario Insp. Diego Rodr\u00edguez.<\/p>\n","protected":false},"excerpt":{"rendered":"<p>Se trata de dos j\u00f3venes, uno de 18 y el otro de 24 a\u00f1os, de la localidad de El T\u00edo.&hellip;<\/p>\n","protected":false},"author":3,"featured_media":8868,"comment_status":"closed","ping_status":"open","sticky":false,"template":"","format":"standard","meta":{"footnotes":""},"categories":[824],"tags":[1120,66,67,836,1108,1119,875,1086,547,572,635,637,638,825],"class_list":["post-9340","post","type-post","status-publish","format-standard","has-post-thumbnail","hentry","category-policiales-online","tag-aislamiento","tag-arroyito","tag-arroyito-cordoba","tag-arroyito-online","tag-coronavirus","tag-cuarentena","tag-jovenes-2","tag-moto","tag-motos","tag-noticias-de-arroyito-y-zona","tag-policia","tag-policiales","tag-policiales-arroyito","tag-policiales-online"],"_links":{"self":[{"href":"https:\/\/arroyitoonline.com.ar\/index.php?rest_route=\/wp\/v2\/posts\/9340","targetHints":{"allow":["GET"]}}],"collection":[{"href":"https:\/\/arroyitoonline.com.ar\/index.php?rest_route=\/wp\/v2\/posts"}],"about":[{"href":"https:\/\/arroyitoonline.com.ar\/index.php?rest_route=\/wp\/v2\/types\/post"}],"author":[{"embeddable":true,"href":"https:\/\/arroyitoonline.com.ar\/index.php?rest_route=\/wp\/v2\/users\/3"}],"replies":[{"embeddable":true,"href":"https:\/\/arroyitoonline.com.ar\/index.php?rest_route=%2Fwp%2Fv2%2Fcomments&post=9340"}],"version-history":[{"count":1,"href":"https:\/\/arroyitoonline.com.ar\/index.php?rest_route=\/wp\/v2\/posts\/9340\/revisions"}],"predecessor-version":[{"id":9341,"href":"https:\/\/arroyitoonline.com.ar\/index.php?rest_route=\/wp\/v2\/posts\/9340\/revisions\/9341"}],"wp:featuredmedia":[{"embeddable":true,"href":"https:\/\/arroyitoonline.com.ar\/index.php?rest_route=\/wp\/v2\/media\/8868"}],"wp:attachment":[{"href":"https:\/\/arroyitoonline.com.ar\/index.php?rest_route=%2Fwp%2Fv2%2Fmedia&parent=9340"}],"wp:term":[{"taxonomy":"category","embeddable":true,"href":"https:\/\/arroyitoonline.com.ar\/index.php?rest_route=%2Fwp%2Fv2%2Fcategories&post=9340"},{"taxonomy":"post_tag","embeddable":true,"href":"https:\/\/arroyitoonline.com.ar\/index.php?rest_route=%2Fwp%2Fv2%2Ftags&post=9340"}],"curies":[{"name":"wp","href":"https:\/\/api.w.org\/{rel}","templated":true}]}}