{"id":9369,"date":"2020-06-20T15:24:39","date_gmt":"2020-06-20T15:24:39","guid":{"rendered":"https:\/\/arroyitoonline.com.ar\/?p=9369"},"modified":"2020-06-24T01:36:30","modified_gmt":"2020-06-24T01:36:30","slug":"extienden-horarios-comerciales-por-el-dia-del-padre","status":"publish","type":"post","link":"https:\/\/arroyitoonline.com.ar\/?p=9369","title":{"rendered":"Extienden horarios comerciales por el D\u00eda del Padre"},"content":{"rendered":"\n<p><strong>El Departamento Ejecutivo lo estableci\u00f3 de manera excepcional, para s\u00e1bado 20 y domingo 21 de junio.<\/strong><\/p>\n\n\n\n<p>El Departamento Ejecutivo Municipal estableci\u00f3 nuevos horarios de comercios para este fin de semana, de manera excepcional, atendiendo la festividad del D\u00eda del Padre, de este domingo 21 de junio.<\/p>\n\n\n\n<p>Hoy s\u00e1bado 20 de junio, los negocios locales podr\u00e1n abrir al p\u00fablico de 8:00 a 20:00 horas. Tambi\u00e9n, el domingo 21 de junio, los comercios y supermercados de micro, peque\u00f1a y mediana escala, podr\u00e1n abrir para la atenci\u00f3n al p\u00fablico, de 8:00 a 12:00 horas.<\/p>\n\n\n\n<p>Por lo dem\u00e1s, continuar\u00e1n vigentes, hasta el domingo 28 de junio, los horarios de atenci\u00f3n de comercios y actividades ya establecidos:<\/p>\n\n\n\n<figure class=\"wp-block-image size-large\"><img loading=\"lazy\" decoding=\"async\" width=\"1024\" height=\"1024\" src=\"https:\/\/arroyitoonline.com.ar\/wp-content\/uploads\/2020\/06\/horarios-comercios-permitidos-1024x1024.jpg\" alt=\"\" class=\"wp-image-9412\" srcset=\"https:\/\/arroyitoonline.com.ar\/wp-content\/uploads\/2020\/06\/horarios-comercios-permitidos-1024x1024.jpg 1024w, https:\/\/arroyitoonline.com.ar\/wp-content\/uploads\/2020\/06\/horarios-comercios-permitidos-300x300.jpg 300w, https:\/\/arroyitoonline.com.ar\/wp-content\/uploads\/2020\/06\/horarios-comercios-permitidos-150x150.jpg 150w, https:\/\/arroyitoonline.com.ar\/wp-content\/uploads\/2020\/06\/horarios-comercios-permitidos-768x768.jpg 768w, https:\/\/arroyitoonline.com.ar\/wp-content\/uploads\/2020\/06\/horarios-comercios-permitidos.jpg 1181w\" sizes=\"auto, (max-width: 1024px) 100vw, 1024px\" \/><\/figure>\n\n\n\n<p>Comedores, restaurantes, bares y confiter\u00edas: todos los d\u00edas de 6:00 a 1:00 horas.<br>Los deliverys de comidas: todos los d\u00edas de 8:00 a 0:00 horas.<br>Comercios permitidos en general: de lunes a s\u00e1bado, de 8:00 a 19:00 horas, con la excepci\u00f3n de este fin de semana, antes mencionado.<br>Despensas, panader\u00edas, verduler\u00edas, carnicer\u00edas, farmacias y tiendas de art\u00edculos de limpieza: todos los d\u00edas de 8:00 a 22:00 horas.<br>Supermercados mayoristas y minoristas, peluquer\u00edas y agencias de quiniela: de lunes a s\u00e1bado de 08:00 a 20:00 horas. Con la excepci\u00f3n para supermercados de micro, peque\u00f1a y mediana escala, este fin de semana.<br>Profesiones liberales: de lunes a s\u00e1bado de 8:00 a 20:00 horas.<\/p>\n\n\n\n<p>Fuente: Comunicaci\u00f3n y Protocolo del Gobierno Municipal. <\/p>\n","protected":false},"excerpt":{"rendered":"<p>El Departamento Ejecutivo lo estableci\u00f3 de manera excepcional, para s\u00e1bado 20 y domingo 21 de junio. El Departamento Ejecutivo Municipal&hellip;<\/p>\n","protected":false},"author":3,"featured_media":9370,"comment_status":"closed","ping_status":"open","sticky":false,"template":"","format":"standard","meta":{"footnotes":""},"categories":[996],"tags":[66,67,836,217,1102,556,572],"class_list":["post-9369","post","type-post","status-publish","format-standard","has-post-thumbnail","hentry","category-comercio","tag-arroyito","tag-arroyito-cordoba","tag-arroyito-online","tag-comercio","tag-gobierno-municipal","tag-municipalidad-de-arroyito","tag-noticias-de-arroyito-y-zona"],"_links":{"self":[{"href":"https:\/\/arroyitoonline.com.ar\/index.php?rest_route=\/wp\/v2\/posts\/9369","targetHints":{"allow":["GET"]}}],"collection":[{"href":"https:\/\/arroyitoonline.com.ar\/index.php?rest_route=\/wp\/v2\/posts"}],"about":[{"href":"https:\/\/arroyitoonline.com.ar\/index.php?rest_route=\/wp\/v2\/types\/post"}],"author":[{"embeddable":true,"href":"https:\/\/arroyitoonline.com.ar\/index.php?rest_route=\/wp\/v2\/users\/3"}],"replies":[{"embeddable":true,"href":"https:\/\/arroyitoonline.com.ar\/index.php?rest_route=%2Fwp%2Fv2%2Fcomments&post=9369"}],"version-history":[{"count":2,"href":"https:\/\/arroyitoonline.com.ar\/index.php?rest_route=\/wp\/v2\/posts\/9369\/revisions"}],"predecessor-version":[{"id":9413,"href":"https:\/\/arroyitoonline.com.ar\/index.php?rest_route=\/wp\/v2\/posts\/9369\/revisions\/9413"}],"wp:featuredmedia":[{"embeddable":true,"href":"https:\/\/arroyitoonline.com.ar\/index.php?rest_route=\/wp\/v2\/media\/9370"}],"wp:attachment":[{"href":"https:\/\/arroyitoonline.com.ar\/index.php?rest_route=%2Fwp%2Fv2%2Fmedia&parent=9369"}],"wp:term":[{"taxonomy":"category","embeddable":true,"href":"https:\/\/arroyitoonline.com.ar\/index.php?rest_route=%2Fwp%2Fv2%2Fcategories&post=9369"},{"taxonomy":"post_tag","embeddable":true,"href":"https:\/\/arroyitoonline.com.ar\/index.php?rest_route=%2Fwp%2Fv2%2Ftags&post=9369"}],"curies":[{"name":"wp","href":"https:\/\/api.w.org\/{rel}","templated":true}]}}