{"id":9383,"date":"2020-06-20T21:48:34","date_gmt":"2020-06-20T21:48:34","guid":{"rendered":"https:\/\/arroyitoonline.com.ar\/?p=9383"},"modified":"2020-06-20T21:48:47","modified_gmt":"2020-06-20T21:48:47","slug":"se-viene-la-semana-virtual-de-la-prevencion-del-consumo-de-drogas","status":"publish","type":"post","link":"https:\/\/arroyitoonline.com.ar\/?p=9383","title":{"rendered":"Se viene la Semana Virtual de la Prevenci\u00f3n del Consumo de Drogas"},"content":{"rendered":"\n<p><strong>Contar\u00e1 con intervenciones y entrevistas a artistas, testimonios de adictos recuperados, disertaciones de especialistas y charlas informativas.<\/strong> <strong>Adem\u00e1s, el Gobierno Municipal realiza un relevamiento de la percepci\u00f3n p\u00fablica sobre el Consumo de Sustancias T\u00f3xicas.<\/strong><\/p>\n\n\n\n<p>En el marco de la Semana de la Prevenci\u00f3n del Consumo de Drogas \u2013que se extiende del lunes 22 al lunes 29 de junio-, la Direcci\u00f3n de Adicciones del Gobierno Municipal desarrollar\u00e1 una serie de propuestas virtuales en relaci\u00f3n a esta tem\u00e1tica.<\/p>\n\n\n\n<p>La semana -que contar\u00e1 con intervenciones y entrevistas a artistas, testimonios de adictos recuperados, disertaciones de especialistas y charlas informativas- tiene como objetivo la generaci\u00f3n de conciencia en cuanto al da\u00f1o que producen las sustancias t\u00f3xicas bas\u00e1ndose en tres ejes fundamentales:<\/p>\n\n\n\n<p>\u2022 Prevenci\u00f3n del consumo<br>\u2022 Construcci\u00f3n de entornos y ambientes libres de drogas.<br>\u2022 Fortalecimiento de v\u00ednculos afectivos y resiliencia.<\/p>\n\n\n\n<p>A continuaci\u00f3n, la programaci\u00f3n de las diferentes propuestas que se ir\u00e1n sucediendo durante la semana.<\/p>\n\n\n\n<figure class=\"wp-block-image size-large\"><img loading=\"lazy\" decoding=\"async\" width=\"853\" height=\"1024\" src=\"https:\/\/arroyitoonline.com.ar\/wp-content\/uploads\/2020\/06\/semana-virtual-drogas-853x1024.jpeg\" alt=\"\" class=\"wp-image-9384\" srcset=\"https:\/\/arroyitoonline.com.ar\/wp-content\/uploads\/2020\/06\/semana-virtual-drogas-853x1024.jpeg 853w, https:\/\/arroyitoonline.com.ar\/wp-content\/uploads\/2020\/06\/semana-virtual-drogas-250x300.jpeg 250w, https:\/\/arroyitoonline.com.ar\/wp-content\/uploads\/2020\/06\/semana-virtual-drogas-768x922.jpeg 768w, https:\/\/arroyitoonline.com.ar\/wp-content\/uploads\/2020\/06\/semana-virtual-drogas.jpeg 1066w\" sizes=\"auto, (max-width: 853px) 100vw, 853px\" \/><\/figure>\n\n\n\n<p><em>Lunes 22:<\/em><br>-Declaraci\u00f3n Inter\u00e9s Municipal.<br>-Primeros Datos sobre el Consumo de Sustancias T\u00f3xicas de nuestra ciudad.<br>-Inicio de Campa\u00f1a Concientizaci\u00f3n con entrega de folletos y lazos azules.<br><em>Martes 23:<\/em><br>-Primera entrevista: Desmitificando el v\u00ednculo entre los artistas y el consumo.<br><em>Mi\u00e9rcoles 24:<\/em><br>-Entrevista a Valentina -coordinadora de Narc\u00f3ticos An\u00f3nimos de nuestra ciudad-.<br>-Segunda Entrevista: Desmitificando el v\u00ednculo entre los artistas y el consumo.<br><em>Jueves 25:<\/em><br>-Testimonio de Jos\u00edas, joven de San Francisco rehabilitado.<br>-Tercera Entrevista: Desmitificando el v\u00ednculo entre los artistas y el consumo.<br><em>Viernes 26:<\/em><br>-Testimonio de Lucas Ferace, coordinador de la Casa de Contenci\u00f3n para adictos a las drogas (Obispo Trejo \u2013 Cba).<br>-Entrevista a Gabriela Torres, titular de Sedronar.<br>Cuarta Entrevista: Desmitificando el v\u00ednculo entre los artistas y el consumo.<br><em>S\u00e1bado 27:<\/em><br>-Disertaci\u00f3n sobre Prevenci\u00f3n del Lic. en Psicolog\u00eda, Eduardo Aballay.<br><em>Domingo 28:<\/em><br>-VideoConferencia del psic\u00f3logo Juan Carlos Mansilla, especialista en adicciones, y presentaci\u00f3n de su libro: \u201cAqu\u00ed tienes tus Drogas\u201d.<br><em>Lunes 29:<\/em><br>-Presentaci\u00f3n de Mural sobre Prevenci\u00f3n realizado en el Teatrillo Municipal Jos\u00e9 Francisco Guarch por los artistas locales: Bocha Brizuela, Laura Lescano, Nina Moya y Wilson Ferreyra.<br>-Intervenci\u00f3n musical del artista local Juan Aponosovich.<\/p>\n\n\n\n<p><strong>Cuestionario sobre consumo de sustancias t\u00f3xicas<\/strong><\/p>\n\n\n\n<p>En la misma l\u00ednea, la Direcci\u00f3n de Adicciones del Gobierno Municipal ha creado una encuesta virtual para la realizaci\u00f3n de un relevamiento de la percepci\u00f3n p\u00fablica sobre el Consumo de Sustancias T\u00f3xicas.<\/p>\n\n\n\n<p>Los datos de este cuestionario, que es de car\u00e1cter an\u00f3nimo, ser\u00e1n evaluados y difundidos por la misma \u00e1rea dando inicio a la Semana Provincial de la Prevenci\u00f3n de las Adicciones. La encuesta puede responderse haciendo click en el siguiente link:<\/p>\n\n\n\n<p><a href=\"https:\/\/forms.gle\/5emgYQdobBdA5LgF9\">https:\/\/forms.gle\/5emgYQdobBdA5LgF9<\/a><\/p>\n\n\n\n<p>Tu participaci\u00f3n es importante.\u00a0<\/p>\n\n\n\n<p>Fuente: Comunicaci\u00f3n y Protocolo del Gobierno Municipal.<\/p>\n\n\n\n<p><strong>Foto de portada: Instagram wilson.a.ferreyra<\/strong>.<\/p>\n","protected":false},"excerpt":{"rendered":"<p>Contar\u00e1 con intervenciones y entrevistas a artistas, testimonios de adictos recuperados, disertaciones de especialistas y charlas informativas. Adem\u00e1s, el Gobierno&hellip;<\/p>\n","protected":false},"author":3,"featured_media":9385,"comment_status":"closed","ping_status":"open","sticky":false,"template":"","format":"standard","meta":{"footnotes":""},"categories":[900],"tags":[66,67,836,302,303,1102,572],"class_list":["post-9383","post","type-post","status-publish","format-standard","has-post-thumbnail","hentry","category-noticias","tag-arroyito","tag-arroyito-cordoba","tag-arroyito-online","tag-drogadiccion","tag-drogas","tag-gobierno-municipal","tag-noticias-de-arroyito-y-zona"],"_links":{"self":[{"href":"https:\/\/arroyitoonline.com.ar\/index.php?rest_route=\/wp\/v2\/posts\/9383","targetHints":{"allow":["GET"]}}],"collection":[{"href":"https:\/\/arroyitoonline.com.ar\/index.php?rest_route=\/wp\/v2\/posts"}],"about":[{"href":"https:\/\/arroyitoonline.com.ar\/index.php?rest_route=\/wp\/v2\/types\/post"}],"author":[{"embeddable":true,"href":"https:\/\/arroyitoonline.com.ar\/index.php?rest_route=\/wp\/v2\/users\/3"}],"replies":[{"embeddable":true,"href":"https:\/\/arroyitoonline.com.ar\/index.php?rest_route=%2Fwp%2Fv2%2Fcomments&post=9383"}],"version-history":[{"count":2,"href":"https:\/\/arroyitoonline.com.ar\/index.php?rest_route=\/wp\/v2\/posts\/9383\/revisions"}],"predecessor-version":[{"id":9387,"href":"https:\/\/arroyitoonline.com.ar\/index.php?rest_route=\/wp\/v2\/posts\/9383\/revisions\/9387"}],"wp:featuredmedia":[{"embeddable":true,"href":"https:\/\/arroyitoonline.com.ar\/index.php?rest_route=\/wp\/v2\/media\/9385"}],"wp:attachment":[{"href":"https:\/\/arroyitoonline.com.ar\/index.php?rest_route=%2Fwp%2Fv2%2Fmedia&parent=9383"}],"wp:term":[{"taxonomy":"category","embeddable":true,"href":"https:\/\/arroyitoonline.com.ar\/index.php?rest_route=%2Fwp%2Fv2%2Fcategories&post=9383"},{"taxonomy":"post_tag","embeddable":true,"href":"https:\/\/arroyitoonline.com.ar\/index.php?rest_route=%2Fwp%2Fv2%2Ftags&post=9383"}],"curies":[{"name":"wp","href":"https:\/\/api.w.org\/{rel}","templated":true}]}}