{"id":9398,"date":"2020-06-24T00:47:16","date_gmt":"2020-06-24T00:47:16","guid":{"rendered":"https:\/\/arroyitoonline.com.ar\/?p=9398"},"modified":"2020-06-24T01:12:25","modified_gmt":"2020-06-24T01:12:25","slug":"robaron-en-la-estancia-la-paloma-exhotel-los-palomeros","status":"publish","type":"post","link":"https:\/\/arroyitoonline.com.ar\/?p=9398","title":{"rendered":"Robaron en la Estancia La Paloma, exhotel los palomeros"},"content":{"rendered":"\n<p><strong>No se encontr\u00f3 forzada la traquera ni las puertas de ingreso. Se desconoce cu\u00e1ndo sucedi\u00f3 el hecho, ya que desde enero nadie se presentaba en el lugar.<\/strong><\/p>\n\n\n\n<p>El s\u00e1bado a las 17:20 horas, personal de la Divisi\u00f3n Patrulla Rural de la Polic\u00eda de la Provincia, se constituy\u00f3 en Estancia La Paloma, exhotel los palomeros, distante unos ocho kil\u00f3metros de esta ciudad.<\/p>\n\n\n\n<p>All\u00ed se entrevist\u00f3 a un se\u00f1or de 71 a\u00f1os, el que est\u00e1 encargado del cuidado del lugar, quien manifest\u00f3 que, desde el mes de enero, no iba a la estancia y, en la fecha cuando se present\u00f3, not\u00f3 el faltante de varios elementos de las habitaciones, como as\u00ed tambi\u00e9n de tres aires acondicionados de pared, cinco roperos chicos, una vitrina de madera y un sof\u00e1.<\/p>\n\n\n\n<p>En el lugar no se observaron ni la tranquera de ingreso ni las puertas de acceso forzadas. Por lo que se hizo entrega del correspondiente procedimiento en Unidad Judicial de Arroyito, con intervenci\u00f3n de la Fiscal\u00eda de Instrucci\u00f3n de Arroyito.<\/p>\n\n\n\n<p>Fuente: informe del comisario Inspector Diego Rodr\u00edguez, jefe de Zona de Inspecci\u00f3n N\u00b0 4.<\/p>\n","protected":false},"excerpt":{"rendered":"<p>No se encontr\u00f3 forzada la traquera ni las puertas de ingreso. Se desconoce cu\u00e1ndo sucedi\u00f3 el hecho, ya que desde&hellip;<\/p>\n","protected":false},"author":3,"featured_media":9400,"comment_status":"closed","ping_status":"open","sticky":false,"template":"","format":"standard","meta":{"footnotes":""},"categories":[824],"tags":[66,67,836,572,635,637,638,825,693,694],"class_list":["post-9398","post","type-post","status-publish","format-standard","has-post-thumbnail","hentry","category-policiales-online","tag-arroyito","tag-arroyito-cordoba","tag-arroyito-online","tag-noticias-de-arroyito-y-zona","tag-policia","tag-policiales","tag-policiales-arroyito","tag-policiales-online","tag-robo","tag-robos"],"_links":{"self":[{"href":"https:\/\/arroyitoonline.com.ar\/index.php?rest_route=\/wp\/v2\/posts\/9398","targetHints":{"allow":["GET"]}}],"collection":[{"href":"https:\/\/arroyitoonline.com.ar\/index.php?rest_route=\/wp\/v2\/posts"}],"about":[{"href":"https:\/\/arroyitoonline.com.ar\/index.php?rest_route=\/wp\/v2\/types\/post"}],"author":[{"embeddable":true,"href":"https:\/\/arroyitoonline.com.ar\/index.php?rest_route=\/wp\/v2\/users\/3"}],"replies":[{"embeddable":true,"href":"https:\/\/arroyitoonline.com.ar\/index.php?rest_route=%2Fwp%2Fv2%2Fcomments&post=9398"}],"version-history":[{"count":2,"href":"https:\/\/arroyitoonline.com.ar\/index.php?rest_route=\/wp\/v2\/posts\/9398\/revisions"}],"predecessor-version":[{"id":9406,"href":"https:\/\/arroyitoonline.com.ar\/index.php?rest_route=\/wp\/v2\/posts\/9398\/revisions\/9406"}],"wp:featuredmedia":[{"embeddable":true,"href":"https:\/\/arroyitoonline.com.ar\/index.php?rest_route=\/wp\/v2\/media\/9400"}],"wp:attachment":[{"href":"https:\/\/arroyitoonline.com.ar\/index.php?rest_route=%2Fwp%2Fv2%2Fmedia&parent=9398"}],"wp:term":[{"taxonomy":"category","embeddable":true,"href":"https:\/\/arroyitoonline.com.ar\/index.php?rest_route=%2Fwp%2Fv2%2Fcategories&post=9398"},{"taxonomy":"post_tag","embeddable":true,"href":"https:\/\/arroyitoonline.com.ar\/index.php?rest_route=%2Fwp%2Fv2%2Ftags&post=9398"}],"curies":[{"name":"wp","href":"https:\/\/api.w.org\/{rel}","templated":true}]}}