{"id":9415,"date":"2020-06-27T08:55:29","date_gmt":"2020-06-27T08:55:29","guid":{"rendered":"https:\/\/arroyitoonline.com.ar\/?p=9415"},"modified":"2020-06-27T08:55:32","modified_gmt":"2020-06-27T08:55:32","slug":"hallaron-sin-vida-a-una-mujer","status":"publish","type":"post","link":"https:\/\/arroyitoonline.com.ar\/?p=9415","title":{"rendered":"Hallaron sin vida a una mujer"},"content":{"rendered":"\n<p><strong>El Servicio de Emergencias del Hospital Municipal Carlos J. Rodr\u00edguez avis\u00f3 a la Polic\u00eda. La se\u00f1ora ten\u00eda 65 a\u00f1os. <\/strong><\/p>\n\n\n\n<p>Este viernes a las 18:30 horas, la Polic\u00eda recibi\u00f3 un llamado al 101, por parte del personal del Servicio de Emergencias del Hospital Municipal Carlos J. Rodr\u00edguez, solicitando la presencia policial en calle 24 de Septiembre N\u00b0 900, ya que habr\u00eda una mujer sin signos vitales.<\/p>\n\n\n\n<p>De inmediato, se constituy\u00f3 el m\u00f3vil policial en el lugar, donde entrevist\u00f3 al personal del servicio, constatando el deceso de la persona de sexo femenino, a los 65 a\u00f1os.<\/p>\n\n\n\n<p>A continuaci\u00f3n, se hizo entrega del procedimiento en la Unidad Judicial local. Por directivas de la Fiscal\u00eda de Instrucci\u00f3n de Arroyito se solicit\u00f3 se haga presente Polic\u00eda Judicial, a los fines del levantamiento del cuerpo y posterior traslado a la Morgue de San Francisco para la realizaci\u00f3n de la correspondiente autopsia.<\/p>\n\n\n\n<p>Fuente: informe de la oficial Principal J\u00e9sica Paz, a cargo de la Base Operativa Sur Suboficial Principal Gustavo Carlos D\u00edaz.<\/p>\n","protected":false},"excerpt":{"rendered":"<p>El Servicio de Emergencias del Hospital Municipal Carlos J. Rodr\u00edguez avis\u00f3 a la Polic\u00eda. La se\u00f1ora ten\u00eda 65 a\u00f1os. Este&hellip;<\/p>\n","protected":false},"author":3,"featured_media":8867,"comment_status":"closed","ping_status":"open","sticky":false,"template":"","format":"standard","meta":{"footnotes":""},"categories":[824],"tags":[66,67,836,548,572,635,637,638,825],"class_list":["post-9415","post","type-post","status-publish","format-standard","has-post-thumbnail","hentry","category-policiales-online","tag-arroyito","tag-arroyito-cordoba","tag-arroyito-online","tag-muerte","tag-noticias-de-arroyito-y-zona","tag-policia","tag-policiales","tag-policiales-arroyito","tag-policiales-online"],"_links":{"self":[{"href":"https:\/\/arroyitoonline.com.ar\/index.php?rest_route=\/wp\/v2\/posts\/9415","targetHints":{"allow":["GET"]}}],"collection":[{"href":"https:\/\/arroyitoonline.com.ar\/index.php?rest_route=\/wp\/v2\/posts"}],"about":[{"href":"https:\/\/arroyitoonline.com.ar\/index.php?rest_route=\/wp\/v2\/types\/post"}],"author":[{"embeddable":true,"href":"https:\/\/arroyitoonline.com.ar\/index.php?rest_route=\/wp\/v2\/users\/3"}],"replies":[{"embeddable":true,"href":"https:\/\/arroyitoonline.com.ar\/index.php?rest_route=%2Fwp%2Fv2%2Fcomments&post=9415"}],"version-history":[{"count":1,"href":"https:\/\/arroyitoonline.com.ar\/index.php?rest_route=\/wp\/v2\/posts\/9415\/revisions"}],"predecessor-version":[{"id":9416,"href":"https:\/\/arroyitoonline.com.ar\/index.php?rest_route=\/wp\/v2\/posts\/9415\/revisions\/9416"}],"wp:featuredmedia":[{"embeddable":true,"href":"https:\/\/arroyitoonline.com.ar\/index.php?rest_route=\/wp\/v2\/media\/8867"}],"wp:attachment":[{"href":"https:\/\/arroyitoonline.com.ar\/index.php?rest_route=%2Fwp%2Fv2%2Fmedia&parent=9415"}],"wp:term":[{"taxonomy":"category","embeddable":true,"href":"https:\/\/arroyitoonline.com.ar\/index.php?rest_route=%2Fwp%2Fv2%2Fcategories&post=9415"},{"taxonomy":"post_tag","embeddable":true,"href":"https:\/\/arroyitoonline.com.ar\/index.php?rest_route=%2Fwp%2Fv2%2Ftags&post=9415"}],"curies":[{"name":"wp","href":"https:\/\/api.w.org\/{rel}","templated":true}]}}