{"id":9429,"date":"2020-06-30T22:37:42","date_gmt":"2020-06-30T22:37:42","guid":{"rendered":"https:\/\/arroyitoonline.com.ar\/?p=9429"},"modified":"2020-06-30T22:37:49","modified_gmt":"2020-06-30T22:37:49","slug":"convocan-para-la-conformacion-de-la-comision-municipal-de-discapacidad","status":"publish","type":"post","link":"https:\/\/arroyitoonline.com.ar\/?p=9429","title":{"rendered":"Convocan para la conformaci\u00f3n de la Comisi\u00f3n Municipal de Discapacidad"},"content":{"rendered":"\n<p><strong>La primera reuni\u00f3n se realizar\u00e1 el d\u00eda\u00a0<em>20 de julio a las 20:00 horas a trav\u00e9s de la plataforma digital Zoom<\/em>. Inscripciones abiertas.<\/strong><\/p>\n\n\n\n<p>La oficina de Discapacidad y Accesibilidad del Gobierno Municipal abre la convocatoria para la conformaci\u00f3n de la Comisi\u00f3n Municipal de Discapacidad.<\/p>\n\n\n\n<p>La primera reuni\u00f3n se realizar\u00e1 el d\u00eda\u00a0<strong><em>20 de julio a las 20:00 horas a trav\u00e9s de la plataforma digital Zoom<\/em><\/strong>. Los interesados deber\u00e1n registrarse llamando por tel\u00e9fono o asistiendo a la Oficina de Discapacidad, o bien, registr\u00e1ndose mediante el Formulario Digital.<\/p>\n\n\n\n<figure class=\"wp-block-image\"><img decoding=\"async\" src=\"https:\/\/www.municipioarroyito.gob.ar\/wp-content\/uploads\/2020\/06\/convocatoria-oficina-de-discapacidad.jpg\" alt=\"\"\/><\/figure>\n\n\n\n<ul class=\"wp-block-list\"><li>Direcci\u00f3n de la oficina de Discapacidad: General Paz 941<\/li><li>Tel\u00e9fono de la oficina: 3576- 510410<\/li><li>Formulario Digital:\u00a0<a href=\"https:\/\/forms.gle\/B8jD6JCx23M1sXZb6\">https:\/\/forms.gle\/B8jD6JCx23M1sXZb6<\/a><\/li><\/ul>\n\n\n\n<p>Se convoca a todas las personas con discapacidad y familiares, a los centros de estimulaci\u00f3n y rehabilitaci\u00f3n y a la poblaci\u00f3n en general.<\/p>\n\n\n\n<p><strong>La discapacidad es la capacidad extraordinaria de ser capaz.<\/strong><\/p>\n\n\n\n<p>Fuente: Comunicaci\u00f3n y Protocolo del Gobierno Municipal. <\/p>\n","protected":false},"excerpt":{"rendered":"<p>La primera reuni\u00f3n se realizar\u00e1 el d\u00eda\u00a020 de julio a las 20:00 horas a trav\u00e9s de la plataforma digital Zoom.&hellip;<\/p>\n","protected":false},"author":3,"featured_media":9430,"comment_status":"closed","ping_status":"open","sticky":false,"template":"","format":"standard","meta":{"footnotes":""},"categories":[1097],"tags":[66,67,836,296,1102,572],"class_list":["post-9429","post","type-post","status-publish","format-standard","has-post-thumbnail","hentry","category-discapacidad","tag-arroyito","tag-arroyito-cordoba","tag-arroyito-online","tag-discapacidad","tag-gobierno-municipal","tag-noticias-de-arroyito-y-zona"],"_links":{"self":[{"href":"https:\/\/arroyitoonline.com.ar\/index.php?rest_route=\/wp\/v2\/posts\/9429","targetHints":{"allow":["GET"]}}],"collection":[{"href":"https:\/\/arroyitoonline.com.ar\/index.php?rest_route=\/wp\/v2\/posts"}],"about":[{"href":"https:\/\/arroyitoonline.com.ar\/index.php?rest_route=\/wp\/v2\/types\/post"}],"author":[{"embeddable":true,"href":"https:\/\/arroyitoonline.com.ar\/index.php?rest_route=\/wp\/v2\/users\/3"}],"replies":[{"embeddable":true,"href":"https:\/\/arroyitoonline.com.ar\/index.php?rest_route=%2Fwp%2Fv2%2Fcomments&post=9429"}],"version-history":[{"count":1,"href":"https:\/\/arroyitoonline.com.ar\/index.php?rest_route=\/wp\/v2\/posts\/9429\/revisions"}],"predecessor-version":[{"id":9431,"href":"https:\/\/arroyitoonline.com.ar\/index.php?rest_route=\/wp\/v2\/posts\/9429\/revisions\/9431"}],"wp:featuredmedia":[{"embeddable":true,"href":"https:\/\/arroyitoonline.com.ar\/index.php?rest_route=\/wp\/v2\/media\/9430"}],"wp:attachment":[{"href":"https:\/\/arroyitoonline.com.ar\/index.php?rest_route=%2Fwp%2Fv2%2Fmedia&parent=9429"}],"wp:term":[{"taxonomy":"category","embeddable":true,"href":"https:\/\/arroyitoonline.com.ar\/index.php?rest_route=%2Fwp%2Fv2%2Fcategories&post=9429"},{"taxonomy":"post_tag","embeddable":true,"href":"https:\/\/arroyitoonline.com.ar\/index.php?rest_route=%2Fwp%2Fv2%2Ftags&post=9429"}],"curies":[{"name":"wp","href":"https:\/\/api.w.org\/{rel}","templated":true}]}}