{"id":9440,"date":"2020-07-05T16:07:57","date_gmt":"2020-07-05T16:07:57","guid":{"rendered":"https:\/\/arroyitoonline.com.ar\/?p=9440"},"modified":"2020-07-05T16:07:59","modified_gmt":"2020-07-05T16:07:59","slug":"andaba-en-auto-y-choco-un-camion-estacionado","status":"publish","type":"post","link":"https:\/\/arroyitoonline.com.ar\/?p=9440","title":{"rendered":"Andaba en auto y choc\u00f3 un cami\u00f3n estacionado"},"content":{"rendered":"\n<p><strong>Se trata de un joven de 26 a\u00f1os que circulaba por calle Esqui\u00fa. Result\u00f3 ileso. El cami\u00f3n estaba parado sin ocupante. <\/strong><\/p>\n\n\n\n<p>Hoy a las 8:45 horas se produjo un accidente de tr\u00e1nsito sobre calle Esqui\u00fa al 950 aproximadamente.<\/p>\n\n\n\n<p>Momentos antes habr\u00eda circulado por Esqui\u00fa, en sentido de oeste a este, un Volkswagen GL de color negro, el cual era conducido por un joven (26 a\u00f1os) de esta ciudad.<\/p>\n\n\n\n<p>Por causas que tatan de establecerse, cuando el auto lleg\u00f3 a la numeraci\u00f3n antes mencionada, colision\u00f3 contra un Cami\u00f3n Ford F 7000, de color blanco, el que se encontraba estacionado sin ocupante.<\/p>\n\n\n\n<p>En el lugar se hizo presente el servicio de emergencias del Hospital Municipal, trasladando al conductor del autom\u00f3vil al nosocomio local para que fuera asistido, informando que el joven se encuentra en perfecto estado sin lesiones.<\/p>\n\n\n\n<p>Fuente: informe del comisario Figueroa, a cargo de la Comisar\u00eda Distrito Arroyito.<\/p>\n\n\n\n<p><em>La foto es gentileza de OK FM ARROYITO 95.5.<\/em><\/p>\n","protected":false},"excerpt":{"rendered":"<p>Se trata de un joven de 26 a\u00f1os que circulaba por calle Esqui\u00fa. Result\u00f3 ileso. El cami\u00f3n estaba parado sin&hellip;<\/p>\n","protected":false},"author":3,"featured_media":9441,"comment_status":"closed","ping_status":"open","sticky":false,"template":"","format":"standard","meta":{"footnotes":""},"categories":[824],"tags":[66,67,836,191,572,635,637,638,825],"class_list":["post-9440","post","type-post","status-publish","format-standard","has-post-thumbnail","hentry","category-policiales-online","tag-arroyito","tag-arroyito-cordoba","tag-arroyito-online","tag-choque","tag-noticias-de-arroyito-y-zona","tag-policia","tag-policiales","tag-policiales-arroyito","tag-policiales-online"],"_links":{"self":[{"href":"https:\/\/arroyitoonline.com.ar\/index.php?rest_route=\/wp\/v2\/posts\/9440","targetHints":{"allow":["GET"]}}],"collection":[{"href":"https:\/\/arroyitoonline.com.ar\/index.php?rest_route=\/wp\/v2\/posts"}],"about":[{"href":"https:\/\/arroyitoonline.com.ar\/index.php?rest_route=\/wp\/v2\/types\/post"}],"author":[{"embeddable":true,"href":"https:\/\/arroyitoonline.com.ar\/index.php?rest_route=\/wp\/v2\/users\/3"}],"replies":[{"embeddable":true,"href":"https:\/\/arroyitoonline.com.ar\/index.php?rest_route=%2Fwp%2Fv2%2Fcomments&post=9440"}],"version-history":[{"count":1,"href":"https:\/\/arroyitoonline.com.ar\/index.php?rest_route=\/wp\/v2\/posts\/9440\/revisions"}],"predecessor-version":[{"id":9442,"href":"https:\/\/arroyitoonline.com.ar\/index.php?rest_route=\/wp\/v2\/posts\/9440\/revisions\/9442"}],"wp:featuredmedia":[{"embeddable":true,"href":"https:\/\/arroyitoonline.com.ar\/index.php?rest_route=\/wp\/v2\/media\/9441"}],"wp:attachment":[{"href":"https:\/\/arroyitoonline.com.ar\/index.php?rest_route=%2Fwp%2Fv2%2Fmedia&parent=9440"}],"wp:term":[{"taxonomy":"category","embeddable":true,"href":"https:\/\/arroyitoonline.com.ar\/index.php?rest_route=%2Fwp%2Fv2%2Fcategories&post=9440"},{"taxonomy":"post_tag","embeddable":true,"href":"https:\/\/arroyitoonline.com.ar\/index.php?rest_route=%2Fwp%2Fv2%2Ftags&post=9440"}],"curies":[{"name":"wp","href":"https:\/\/api.w.org\/{rel}","templated":true}]}}