{"id":9472,"date":"2020-07-14T11:19:23","date_gmt":"2020-07-14T11:19:23","guid":{"rendered":"https:\/\/arroyitoonline.com.ar\/?p=9472"},"modified":"2020-07-14T11:19:29","modified_gmt":"2020-07-14T11:19:29","slug":"mas-de-30-personas-festejaban-cumpleanos-en-un-salon-el-dueno-y-el-organizador-fueron-detenidos","status":"publish","type":"post","link":"https:\/\/arroyitoonline.com.ar\/?p=9472","title":{"rendered":"M\u00e1s de 30 personas festejaban cumplea\u00f1os en un sal\u00f3n: el due\u00f1o y el organizador fueron detenidos"},"content":{"rendered":"\n<p><strong>Eran provenientes de distintas localidades, inclusive de otros departamentos, y se encontraban incumpliendo con las medidas sanitarias vigentes.<\/strong><\/p>\n\n\n\n<p>El domingo a las 18:00 horas, la Polic\u00eda recibi\u00f3 un llamado telef\u00f3nico manifestando que, en un sal\u00f3n de eventos de la ciudad, habr\u00eda una fiesta privada.<\/p>\n\n\n\n<p>De inmediato se hicieron presentes uniformados. Cuando llegaron al local constataron que, en el interior, se encontraban m\u00e1s de 30 personas, las cuales fueron identificadas siendo provenientes de distintas localidades, inclusive de otros departamentos, incumpliendo con las medidas sanitarias vigentes.<\/p>\n\n\n\n<p>Por lo tanto, personal policial traslad\u00f3 al propietario del sal\u00f3n y al organizador, ambos de esta localidad, manifestando este \u00faltimo que\u00a0 se trataba de una fiesta de cumplea\u00f1os. <\/p>\n\n\n\n<p>Adem\u00e1s se les consult\u00f3 si ten\u00edan conocimiento de la cuarentena, aduciendo ambos que s\u00ed conocen el decreto de Aislamiento Social Preventivo y Obligatorio librado por el Poder Ejecutivo Nacional, motivo por el cual se procedi\u00f3 a la aprehensi\u00f3n, quedando alojados por supuesta infracci\u00f3n al Decnu 297\/2020, a disposici\u00f3n de la Fiscal\u00eda de Instrucci\u00f3n de esta ciudad.<\/p>\n\n\n\n<p>Fuente: informe del comisario Insp. Diego Rodr\u00edguez, jefe de Zona de Inspecci\u00f3n N\u00b0 4.<\/p>\n","protected":false},"excerpt":{"rendered":"<p>Eran provenientes de distintas localidades, inclusive de otros departamentos, y se encontraban incumpliendo con las medidas sanitarias vigentes. El domingo&hellip;<\/p>\n","protected":false},"author":3,"featured_media":9473,"comment_status":"closed","ping_status":"open","sticky":false,"template":"","format":"standard","meta":{"footnotes":""},"categories":[824],"tags":[1120,66,67,836,1108,1119,372,572,635,637,638,825],"class_list":["post-9472","post","type-post","status-publish","format-standard","has-post-thumbnail","hentry","category-policiales-online","tag-aislamiento","tag-arroyito","tag-arroyito-cordoba","tag-arroyito-online","tag-coronavirus","tag-cuarentena","tag-fiesta","tag-noticias-de-arroyito-y-zona","tag-policia","tag-policiales","tag-policiales-arroyito","tag-policiales-online"],"_links":{"self":[{"href":"https:\/\/arroyitoonline.com.ar\/index.php?rest_route=\/wp\/v2\/posts\/9472","targetHints":{"allow":["GET"]}}],"collection":[{"href":"https:\/\/arroyitoonline.com.ar\/index.php?rest_route=\/wp\/v2\/posts"}],"about":[{"href":"https:\/\/arroyitoonline.com.ar\/index.php?rest_route=\/wp\/v2\/types\/post"}],"author":[{"embeddable":true,"href":"https:\/\/arroyitoonline.com.ar\/index.php?rest_route=\/wp\/v2\/users\/3"}],"replies":[{"embeddable":true,"href":"https:\/\/arroyitoonline.com.ar\/index.php?rest_route=%2Fwp%2Fv2%2Fcomments&post=9472"}],"version-history":[{"count":1,"href":"https:\/\/arroyitoonline.com.ar\/index.php?rest_route=\/wp\/v2\/posts\/9472\/revisions"}],"predecessor-version":[{"id":9474,"href":"https:\/\/arroyitoonline.com.ar\/index.php?rest_route=\/wp\/v2\/posts\/9472\/revisions\/9474"}],"wp:featuredmedia":[{"embeddable":true,"href":"https:\/\/arroyitoonline.com.ar\/index.php?rest_route=\/wp\/v2\/media\/9473"}],"wp:attachment":[{"href":"https:\/\/arroyitoonline.com.ar\/index.php?rest_route=%2Fwp%2Fv2%2Fmedia&parent=9472"}],"wp:term":[{"taxonomy":"category","embeddable":true,"href":"https:\/\/arroyitoonline.com.ar\/index.php?rest_route=%2Fwp%2Fv2%2Fcategories&post=9472"},{"taxonomy":"post_tag","embeddable":true,"href":"https:\/\/arroyitoonline.com.ar\/index.php?rest_route=%2Fwp%2Fv2%2Ftags&post=9472"}],"curies":[{"name":"wp","href":"https:\/\/api.w.org\/{rel}","templated":true}]}}