{"id":9475,"date":"2020-07-14T11:42:12","date_gmt":"2020-07-14T11:42:12","guid":{"rendered":"https:\/\/arroyitoonline.com.ar\/?p=9475"},"modified":"2020-07-14T11:42:26","modified_gmt":"2020-07-14T11:42:26","slug":"el-artista-local-wilson-ferreyra-no-para-lanzo-su-primer-disco-solista-volar-a-ciegas","status":"publish","type":"post","link":"https:\/\/arroyitoonline.com.ar\/?p=9475","title":{"rendered":"El artista local Wilson Ferreyra no para: lanz\u00f3 su primer disco solista, &#8220;Volar a Ciegas&#8221;"},"content":{"rendered":"\n<p><strong>El vocalista y guitarrista de Los Motivos del Lobo redobla su apuesta musical, con un material ac\u00fastico que incluye 10 canciones de su propia autor\u00eda.<\/strong><\/p>\n\n\n\n<p>El pasado domingo 5 de julio, el artista local Wilson Ferreyra public\u00f3 en diversas plataformas digitales su primer disco solista titulado \u201cVolar a Ciegas\u201d.<\/p>\n\n\n\n<p>Bajo el nombre de <em>\u201cWilson\u201d<\/em>, el vocalista y guitarrista de la banda local Los Motivos del Lobo, sorprendi\u00f3 con su \u00e1lbum debut que consta de 10 canciones de su propia autor\u00eda, en formato ac\u00fastico.<\/p>\n\n\n\n<figure class=\"wp-block-image size-large\"><img loading=\"lazy\" decoding=\"async\" width=\"1024\" height=\"1024\" src=\"https:\/\/arroyitoonline.com.ar\/wp-content\/uploads\/2020\/07\/wilson-ferreyra-volar-a-ciegas-1024x1024.jpg\" alt=\"\" class=\"wp-image-9479\" srcset=\"https:\/\/arroyitoonline.com.ar\/wp-content\/uploads\/2020\/07\/wilson-ferreyra-volar-a-ciegas-1024x1024.jpg 1024w, https:\/\/arroyitoonline.com.ar\/wp-content\/uploads\/2020\/07\/wilson-ferreyra-volar-a-ciegas-300x300.jpg 300w, https:\/\/arroyitoonline.com.ar\/wp-content\/uploads\/2020\/07\/wilson-ferreyra-volar-a-ciegas-150x150.jpg 150w, https:\/\/arroyitoonline.com.ar\/wp-content\/uploads\/2020\/07\/wilson-ferreyra-volar-a-ciegas-768x768.jpg 768w, https:\/\/arroyitoonline.com.ar\/wp-content\/uploads\/2020\/07\/wilson-ferreyra-volar-a-ciegas.jpg 1280w\" sizes=\"auto, (max-width: 1024px) 100vw, 1024px\" \/><figcaption><em>La portada del disco -y todas las fotos promocionales- estuvo a cargo de Javier Navarrete<\/em><\/figcaption><\/figure>\n\n\n\n<p>Todas las etapas de grabaci\u00f3n del material discogr\u00e1fico se realizaron en el estudio de La Casona -bar pub de Arroyito constituido como epicentro rockero de la ciudad-, con la ayuda de Patricio Dell Erba, su propietario. <\/p>\n\n\n\n<p>La foto de portada y la imagen que usamos para la ilustraci\u00f3n de esta nota, estuvieron a cargo de Javier Navarrete.<\/p>\n\n\n\n<p>\u201cLas canciones juegan con met\u00e1foras y climas musicales de distinta intensidad, que describen diferentes momentos en mi vida, desde un punto de vista muy introspectivo y cargado de sentimientos\u201d, remarc\u00f3 Wilson, inaugurando esta nueva etapa de su vida art\u00edstica, que se suma a sus espectaculares trabajos como dise\u00f1ador -siendo el creador de la bandera de Arroyito- e ilustrador. <\/p>\n\n\n\n<p><em>Spotify<\/em><\/p>\n\n\n\n<figure class=\"wp-block-embed-spotify wp-block-embed is-type-rich is-provider-spotify wp-embed-aspect-9-16 wp-has-aspect-ratio\"><div class=\"wp-block-embed__wrapper\">\n<iframe title=\"Spotify Embed: Volar a Ciegas\" style=\"border-radius: 12px\" width=\"100%\" height=\"352\" frameborder=\"0\" allowfullscreen allow=\"autoplay; clipboard-write; encrypted-media; fullscreen; picture-in-picture\" loading=\"lazy\" src=\"https:\/\/open.spotify.com\/embed\/album\/6f5PW8jokwRlaY3g7nWtnf?si=GmRP3tSfR_Ka2XrMqqWtrg&#038;utm_source=oembed\"><\/iframe>\n<\/div><\/figure>\n\n\n\n<p><em>Soundcloud<\/em><\/p>\n\n\n\n<figure class=\"wp-block-embed-soundcloud wp-block-embed is-type-rich is-provider-soundcloud wp-embed-aspect-4-3 wp-has-aspect-ratio\"><div class=\"wp-block-embed__wrapper\">\n<iframe loading=\"lazy\" title=\"Volar a Ciegas by Wilson\" width=\"1140\" height=\"450\" scrolling=\"no\" frameborder=\"no\" src=\"https:\/\/w.soundcloud.com\/player\/?visual=true&#038;url=https%3A%2F%2Fapi.soundcloud.com%2Fplaylists%2F1084962859&#038;show_artwork=true&#038;maxheight=1000&#038;maxwidth=1140\"><\/iframe>\n<\/div><\/figure>\n\n\n\n<p><em>YouTube<\/em><\/p>\n\n\n\n<figure class=\"wp-block-embed-youtube wp-block-embed is-type-video is-provider-youtube wp-embed-aspect-4-3 wp-has-aspect-ratio\"><div class=\"wp-block-embed__wrapper\">\n<div class=\"epyt-video-wrapper\"><iframe loading=\"lazy\"  style=\"display: block; margin: 0px auto;\"  id=\"_ytid_87892\"  width=\"1140\" height=\"855\"  data-origwidth=\"1140\" data-origheight=\"855\" src=\"https:\/\/www.youtube.com\/embed\/NmtEpHULHm8?enablejsapi=1&#038;autoplay=0&#038;cc_load_policy=1&#038;cc_lang_pref=&#038;iv_load_policy=3&#038;loop=0&#038;rel=1&#038;fs=1&#038;playsinline=0&#038;autohide=2&#038;theme=dark&#038;color=red&#038;controls=1&#038;disablekb=0&#038;\" class=\"__youtube_prefs__  epyt-is-override  no-lazyload\" title=\"YouTube player\"  allow=\"fullscreen; accelerometer; autoplay; clipboard-write; encrypted-media; gyroscope; picture-in-picture; web-share\" referrerpolicy=\"strict-origin-when-cross-origin\" allowfullscreen data-no-lazy=\"1\" data-skipgform_ajax_framebjll=\"\"><\/iframe><\/div>\n<\/div><figcaption><em>El primer corte de &#8220;Volar a Ciegas&#8221; se titula Volar. \u00a1Escuchalo!<\/em><\/figcaption><\/figure>\n\n\n\n<p><strong>Agradecemos a Wilson Ferreyra y le auguramos una exitosa carrera como solista. <\/strong><\/p>\n","protected":false},"excerpt":{"rendered":"<p>El vocalista y guitarrista de Los Motivos del Lobo redobla su apuesta musical, con un material ac\u00fastico que incluye 10&hellip;<\/p>\n","protected":false},"author":3,"featured_media":9478,"comment_status":"closed","ping_status":"open","sticky":false,"template":"","format":"standard","meta":{"footnotes":""},"categories":[826],"tags":[66,67,836,351,862,559,572],"class_list":["post-9475","post","type-post","status-publish","format-standard","has-post-thumbnail","hentry","category-espectaculos-online","tag-arroyito","tag-arroyito-cordoba","tag-arroyito-online","tag-espectaculos","tag-espectaculos-online","tag-musica","tag-noticias-de-arroyito-y-zona"],"_links":{"self":[{"href":"https:\/\/arroyitoonline.com.ar\/index.php?rest_route=\/wp\/v2\/posts\/9475","targetHints":{"allow":["GET"]}}],"collection":[{"href":"https:\/\/arroyitoonline.com.ar\/index.php?rest_route=\/wp\/v2\/posts"}],"about":[{"href":"https:\/\/arroyitoonline.com.ar\/index.php?rest_route=\/wp\/v2\/types\/post"}],"author":[{"embeddable":true,"href":"https:\/\/arroyitoonline.com.ar\/index.php?rest_route=\/wp\/v2\/users\/3"}],"replies":[{"embeddable":true,"href":"https:\/\/arroyitoonline.com.ar\/index.php?rest_route=%2Fwp%2Fv2%2Fcomments&post=9475"}],"version-history":[{"count":1,"href":"https:\/\/arroyitoonline.com.ar\/index.php?rest_route=\/wp\/v2\/posts\/9475\/revisions"}],"predecessor-version":[{"id":9480,"href":"https:\/\/arroyitoonline.com.ar\/index.php?rest_route=\/wp\/v2\/posts\/9475\/revisions\/9480"}],"wp:featuredmedia":[{"embeddable":true,"href":"https:\/\/arroyitoonline.com.ar\/index.php?rest_route=\/wp\/v2\/media\/9478"}],"wp:attachment":[{"href":"https:\/\/arroyitoonline.com.ar\/index.php?rest_route=%2Fwp%2Fv2%2Fmedia&parent=9475"}],"wp:term":[{"taxonomy":"category","embeddable":true,"href":"https:\/\/arroyitoonline.com.ar\/index.php?rest_route=%2Fwp%2Fv2%2Fcategories&post=9475"},{"taxonomy":"post_tag","embeddable":true,"href":"https:\/\/arroyitoonline.com.ar\/index.php?rest_route=%2Fwp%2Fv2%2Ftags&post=9475"}],"curies":[{"name":"wp","href":"https:\/\/api.w.org\/{rel}","templated":true}]}}