{"id":9481,"date":"2020-07-14T12:44:58","date_gmt":"2020-07-14T12:44:58","guid":{"rendered":"https:\/\/arroyitoonline.com.ar\/?p=9481"},"modified":"2020-07-14T12:45:02","modified_gmt":"2020-07-14T12:45:02","slug":"standard-electrics-presento-su-nueva-cancion-el-insoportable-arte-de-mantener-conversaciones","status":"publish","type":"post","link":"https:\/\/arroyitoonline.com.ar\/?p=9481","title":{"rendered":"Standard Electrics present\u00f3 su nueva canci\u00f3n: &#8220;El insoportable arte de mantener conversaciones&#8221;"},"content":{"rendered":"\n<p><strong>Los autores del hit El televisor cumplieron cinco a\u00f1os y, sin presentaciones en vivo por obvias razones, copan las plataformas digitales. <\/strong><\/p>\n\n\n\n<p>El pasado s\u00e1bado a la tarde, la banda local <em><strong>Standard Electrics<\/strong><\/em> -que hace poco cumpli\u00f3 cinco a\u00f1os- estren\u00f3 el tema <em><strong>&#8220;El insoportable arte de mantener conversaciones&#8221;<\/strong><\/em>.<\/p>\n\n\n\n<p>En realidad, es una canci\u00f3n compuesta hace un buen tiempo que, por diferentes razones, los m\u00fasicos no hab\u00edan podido grabar como quer\u00edan sumado a que, en el camino, hubo un cambio de integrantes en la banda: desde hace un a\u00f1o los acompa\u00f1a en la bater\u00eda Corcho Gonz\u00e1lez, de la ciudad C\u00f3rdoba.<\/p>\n\n\n\n<p>Gonz\u00e1lez ensay\u00f3 en Arroyito varias veces con los Standard hasta que, en noviembre de 2019, por fin ellos viajaron a la capital cordobesa a grabar la bater\u00eda y el bajo en un estudio de Cofico, que se llama Quintaesencia. Ya en el verano de 2020 agregaron las guitarras y voces en La Casona (Arroyito), la sala del guitarrista de la banda, Patricio &#8220;Pacho&#8221; Dell Erba.<\/p>\n\n\n\n<p>La formaci\u00f3n para este tema, entonces, fue: Tomi Ciancia (voz y bajo), Pacho (guitarra), Lepo (guitarra y coros), Corcho (bater\u00eda). Hab\u00eda formado parte de la composici\u00f3n Nico Bravo. Trabajaron y colaboraron de distintas maneras en el proyecto: Andr\u00e9s Valesio, Mat\u00edas Mariani, Pablo Segade, Cone Echeverr\u00eda, Juli\u00e1n Rey y Edgardo Medina.<\/p>\n\n\n\n<p><em>&#8220;La cuarentena nos retras\u00f3 bastante la etapa final; hubo varias idas y vueltas y, reci\u00e9n la semana pasada, lo termin\u00f3 de mezclar Pacho. Curiosamente el tema no ten\u00eda un nombre definido y, minutos antes de publicarlo, Tomi sac\u00f3 de la galera el llamativo t\u00edtulo&#8221;<\/em>, contaron los Standard, art\u00edfices -unos a\u00f1os atr\u00e1s- del hit El Televisor.<\/p>\n\n\n\n<figure class=\"wp-block-embed-youtube wp-block-embed is-type-video is-provider-youtube wp-embed-aspect-4-3 wp-has-aspect-ratio\"><div class=\"wp-block-embed__wrapper\">\n<div class=\"epyt-video-wrapper\"><iframe loading=\"lazy\"  style=\"display: block; margin: 0px auto;\"  id=\"_ytid_90829\"  width=\"1140\" height=\"855\"  data-origwidth=\"1140\" data-origheight=\"855\" src=\"https:\/\/www.youtube.com\/embed\/OotJgVcOMRs?enablejsapi=1&#038;autoplay=0&#038;cc_load_policy=1&#038;cc_lang_pref=&#038;iv_load_policy=3&#038;loop=0&#038;rel=1&#038;fs=1&#038;playsinline=0&#038;autohide=2&#038;theme=dark&#038;color=red&#038;controls=1&#038;disablekb=0&#038;\" class=\"__youtube_prefs__  epyt-is-override  no-lazyload\" title=\"YouTube player\"  allow=\"fullscreen; accelerometer; autoplay; clipboard-write; encrypted-media; gyroscope; picture-in-picture; web-share\" referrerpolicy=\"strict-origin-when-cross-origin\" allowfullscreen data-no-lazy=\"1\" data-skipgform_ajax_framebjll=\"\"><\/iframe><\/div>\n<\/div><figcaption><em>Escuch\u00e1 lo nuevo de Standard Electrics, &#8220;El insoportable arte de mantener conversaciones&#8221;<\/em><\/figcaption><\/figure>\n\n\n\n<p>Para 2020 planifican la publicaci\u00f3n de las otras cinco canciones, que tienen sin terminar, de las mismas sesiones. Por razones obvias, no hay presentaciones a la vista y crece la incertidumbre de cu\u00e1ntos lugares van a quedar disponibles para tocar en vivo; un asunto que ya viene en franca disminuci\u00f3n desde 2017.<\/p>\n\n\n\n<p><em>LA BANDA<\/em><\/p>\n\n\n\n<p>Standard Electrics debut\u00f3 en vivo el 13 de marzo de 2015 en C\u00f3rdoba Capital. A fines de ese a\u00f1o, la banda gir\u00f3 por Buenos Aires y el Conurbano y, por la buena recepci\u00f3n, volvi\u00f3 a ir al a\u00f1o siguiente. Esa segunda gira qued\u00f3 registrada en una grabaci\u00f3n en vivo publicada en noviembre de 2016. Es uno de los tantos materiales digitales de la formaci\u00f3n local, que pueden escucharse y adquirirse visitando https:\/\/standardelectrics.bandcamp.com<\/p>\n\n\n\n<p>Facebook: https:\/\/www.facebook.com\/standardelectrics<\/p>\n\n\n\n<p>Instagram: https:\/\/www.instagram.com\/standardelectrics<\/p>\n\n\n\n<p><em>Curiosidad<\/em><\/p>\n\n\n\n<p>En 2017, los Standard fueron elegidos para representar a una marca argentina de efectos para guitarra, que utilizan integrantes de bandas como Attaque 77, 2 Minutos, Catupecu Machu, entre otras. (Ver ac\u00e1: https:\/\/www.electromate.com.ar\/artistas).<\/p>\n\n\n\n<p><em>Agradecemos toda la info a Lepo y sus compa\u00f1eros de banda, y les auguramos que esta canci\u00f3n sea un verdadero \u00e9xito. <\/em><\/p>\n","protected":false},"excerpt":{"rendered":"<p>Los autores del hit El televisor cumplieron cinco a\u00f1os y, sin presentaciones en vivo por obvias razones, copan las plataformas&hellip;<\/p>\n","protected":false},"author":3,"featured_media":9482,"comment_status":"closed","ping_status":"open","sticky":false,"template":"","format":"standard","meta":{"footnotes":""},"categories":[1],"tags":[66,67,836,351,862,572],"class_list":["post-9481","post","type-post","status-publish","format-standard","has-post-thumbnail","hentry","category-uncategorized","tag-arroyito","tag-arroyito-cordoba","tag-arroyito-online","tag-espectaculos","tag-espectaculos-online","tag-noticias-de-arroyito-y-zona"],"_links":{"self":[{"href":"https:\/\/arroyitoonline.com.ar\/index.php?rest_route=\/wp\/v2\/posts\/9481","targetHints":{"allow":["GET"]}}],"collection":[{"href":"https:\/\/arroyitoonline.com.ar\/index.php?rest_route=\/wp\/v2\/posts"}],"about":[{"href":"https:\/\/arroyitoonline.com.ar\/index.php?rest_route=\/wp\/v2\/types\/post"}],"author":[{"embeddable":true,"href":"https:\/\/arroyitoonline.com.ar\/index.php?rest_route=\/wp\/v2\/users\/3"}],"replies":[{"embeddable":true,"href":"https:\/\/arroyitoonline.com.ar\/index.php?rest_route=%2Fwp%2Fv2%2Fcomments&post=9481"}],"version-history":[{"count":1,"href":"https:\/\/arroyitoonline.com.ar\/index.php?rest_route=\/wp\/v2\/posts\/9481\/revisions"}],"predecessor-version":[{"id":9483,"href":"https:\/\/arroyitoonline.com.ar\/index.php?rest_route=\/wp\/v2\/posts\/9481\/revisions\/9483"}],"wp:featuredmedia":[{"embeddable":true,"href":"https:\/\/arroyitoonline.com.ar\/index.php?rest_route=\/wp\/v2\/media\/9482"}],"wp:attachment":[{"href":"https:\/\/arroyitoonline.com.ar\/index.php?rest_route=%2Fwp%2Fv2%2Fmedia&parent=9481"}],"wp:term":[{"taxonomy":"category","embeddable":true,"href":"https:\/\/arroyitoonline.com.ar\/index.php?rest_route=%2Fwp%2Fv2%2Fcategories&post=9481"},{"taxonomy":"post_tag","embeddable":true,"href":"https:\/\/arroyitoonline.com.ar\/index.php?rest_route=%2Fwp%2Fv2%2Ftags&post=9481"}],"curies":[{"name":"wp","href":"https:\/\/api.w.org\/{rel}","templated":true}]}}