{"id":9516,"date":"2020-07-16T16:14:31","date_gmt":"2020-07-16T16:14:31","guid":{"rendered":"https:\/\/arroyitoonline.com.ar\/?p=9516"},"modified":"2020-07-16T16:27:54","modified_gmt":"2020-07-16T16:27:54","slug":"calvo-y-benedetti-participaron-de-la-habilitacion-del-gas-natural","status":"publish","type":"post","link":"https:\/\/arroyitoonline.com.ar\/?p=9516","title":{"rendered":"Calvo y Benedetti participaron de la habilitaci\u00f3n del gas natural"},"content":{"rendered":"\n<p><strong>El vicegobernador, el intendente y dem\u00e1s funcionarios, asistieron a de este evento realizado en la empresa Arcor. <\/strong><\/p>\n\n\n\n<p>Esta ma\u00f1ana, el intendente municipal, Gustavo Benedetti, y el vicegobernador del Gobierno de la Provincia de C\u00f3rdoba, Manuel Calvo, participaron de la habilitaci\u00f3n del gas natural en la industria Arcor SAIC, a trav\u00e9s de una reuni\u00f3n virtual con el gobernador, Juan Schiaretti, y el presidente de Arcor, Luis Pagani.<\/p>\n\n\n\n<p>La obra comprende la ampliaci\u00f3n de capacidad para las localidades de Costasacate, Villa Del Rosario, Tr\u00e1nsito, Arroyito, Capilla Del Carmen y Rinc\u00f3n.<\/p>\n\n\n\n<p>Calvo y Benedetti estuvieron acompa\u00f1ados por los ministros de Industria, Comercio y Miner\u00eda, Eduardo Accastello, y de Servicios P\u00fablicos, Fabi\u00e1n L\u00f3pez. Tambi\u00e9n participaron el director de la Distribuidora de Gas del Centro, Rub\u00e9n V\u00e1squez, directivos de la empresa, y otras autoridades. <\/p>\n\n\n\n<p>El evento cont\u00f3 con la presencia, v\u00eda remota, del director Ejecutivo de la firma, Luis Pagani, y el presidente del Parque Industrial de Villa del Rosario, Jos\u00e9 Luis Marchena.<\/p>\n\n\n\n<figure class=\"wp-block-image\"><img decoding=\"async\" src=\"https:\/\/www.municipioarroyito.gob.ar\/wp-content\/uploads\/2020\/07\/Int.-Gustavo-Benedetti-Vice-Gob.-Calvo-1024x576.jpeg\" alt=\"\" class=\"wp-image-28255\"\/><figcaption><em>Benedetti, Calvo, Accastello y L\u00f3pez, en el arribo de las autoridades provinciales a nuestra ciudad. Foto: Walter Llanes. <\/em><\/figcaption><\/figure>\n\n\n\n<p>La inversi\u00f3n por parte de Arcor fue 25.616.000 de pesos, y le representar\u00e1 a la empresa un ahorro anual estimado de 73.841.699 de pesos. La obra interna incluy\u00f3 150 metros de ca\u00f1er\u00eda de acero, pero adem\u00e1s se ejecut\u00f3 la repotenciaci\u00f3n de caudal y la planta reductora intermedia de presi\u00f3n. Esto libera capacidad del denominado gasoducto Arcor, para el abastecimiento de las localidades de Villa del Rosario, Costasacate, Tr\u00e1nsito, Arroyito, Capilla del Carmen y Rinc\u00f3n.&nbsp;<\/p>\n\n\n\n<p>Gracias a este convenio entre la Provincia y la multinacional nacida en Arroyito, se favorecieron a m\u00e1s de 25 industrias de nuestra ciudad, Tr\u00e1nsito y Villa del Rosario.<\/p>\n\n\n\n<p>Fuente: Comunicaci\u00f3n y Protocolo del Gobierno Municipal.<\/p>\n\n\n\n<p><strong><em>LAS FOTOS SON GENTILEZA DE WALTER LLANES<\/em><\/strong>.<\/p>\n","protected":false},"excerpt":{"rendered":"<p>El vicegobernador, el intendente y dem\u00e1s funcionarios, asistieron a de este evento realizado en la empresa Arcor. Esta ma\u00f1ana, el&hellip;<\/p>\n","protected":false},"author":3,"featured_media":9517,"comment_status":"closed","ping_status":"open","sticky":false,"template":"","format":"standard","meta":{"footnotes":""},"categories":[1044],"tags":[59,66,67,836,115,396,397,404,405,1102,968,1018,572,578,717],"class_list":["post-9516","post","type-post","status-publish","format-standard","has-post-thumbnail","hentry","category-obras-publicas","tag-arcor","tag-arroyito","tag-arroyito-cordoba","tag-arroyito-online","tag-benedetti","tag-gas","tag-gas-natural","tag-gobierno-de-cordoba","tag-gobierno-de-la-provincia","tag-gobierno-municipal","tag-gustavo-benedetti","tag-manuel-calvo","tag-noticias-de-arroyito-y-zona","tag-obras-publicas","tag-schiaretti"],"_links":{"self":[{"href":"https:\/\/arroyitoonline.com.ar\/index.php?rest_route=\/wp\/v2\/posts\/9516","targetHints":{"allow":["GET"]}}],"collection":[{"href":"https:\/\/arroyitoonline.com.ar\/index.php?rest_route=\/wp\/v2\/posts"}],"about":[{"href":"https:\/\/arroyitoonline.com.ar\/index.php?rest_route=\/wp\/v2\/types\/post"}],"author":[{"embeddable":true,"href":"https:\/\/arroyitoonline.com.ar\/index.php?rest_route=\/wp\/v2\/users\/3"}],"replies":[{"embeddable":true,"href":"https:\/\/arroyitoonline.com.ar\/index.php?rest_route=%2Fwp%2Fv2%2Fcomments&post=9516"}],"version-history":[{"count":2,"href":"https:\/\/arroyitoonline.com.ar\/index.php?rest_route=\/wp\/v2\/posts\/9516\/revisions"}],"predecessor-version":[{"id":9519,"href":"https:\/\/arroyitoonline.com.ar\/index.php?rest_route=\/wp\/v2\/posts\/9516\/revisions\/9519"}],"wp:featuredmedia":[{"embeddable":true,"href":"https:\/\/arroyitoonline.com.ar\/index.php?rest_route=\/wp\/v2\/media\/9517"}],"wp:attachment":[{"href":"https:\/\/arroyitoonline.com.ar\/index.php?rest_route=%2Fwp%2Fv2%2Fmedia&parent=9516"}],"wp:term":[{"taxonomy":"category","embeddable":true,"href":"https:\/\/arroyitoonline.com.ar\/index.php?rest_route=%2Fwp%2Fv2%2Fcategories&post=9516"},{"taxonomy":"post_tag","embeddable":true,"href":"https:\/\/arroyitoonline.com.ar\/index.php?rest_route=%2Fwp%2Fv2%2Ftags&post=9516"}],"curies":[{"name":"wp","href":"https:\/\/api.w.org\/{rel}","templated":true}]}}