{"id":9527,"date":"2020-07-19T11:56:43","date_gmt":"2020-07-19T11:56:43","guid":{"rendered":"https:\/\/arroyitoonline.com.ar\/?p=9527"},"modified":"2020-07-19T11:56:48","modified_gmt":"2020-07-19T11:56:48","slug":"el-gobierno-municipal-prohibio-el-uso-del-agua-para-limpieza-de-veredas","status":"publish","type":"post","link":"https:\/\/arroyitoonline.com.ar\/?p=9527","title":{"rendered":"El Gobierno Municipal prohibi\u00f3 el uso del agua para limpieza de veredas"},"content":{"rendered":"\n<p><strong>La medida, que se extender\u00e1 hasta el \u00faltimo d\u00eda de julio, tambi\u00e9n proh\u00edbe el uso del recurso para regado de jard\u00edn y lavado de autos particulares en domicilios.<\/strong><\/p>\n\n\n\n<p>La secretar\u00eda de Servicios P\u00fablicos del Gobierno Municipal inform\u00f3 que, desde el viernes 17 hasta el viernes 31 de julio, queda prohibido el uso de agua para limpieza de veredas, regado de jard\u00edn y lavado de autos particulares en domicilios.<\/p>\n\n\n\n<p>La medida tiene como finalidad, la reducci\u00f3n de la demanda de este recurso en la ciudad, durante el per\u00edodo de 15 d\u00edas.<\/p>\n\n\n\n<p>Las bombas y los pozos se encuentran en estudio y reparaci\u00f3n, con el objetivo de que se logre una mayor presi\u00f3n de agua para la comunidad.<\/p>\n\n\n\n<p>Cuidemos el agua.<\/p>\n\n\n\n<p>Fuente: Comunicaci\u00f3n y Protocolo del Gobierno Municipal. <\/p>\n","protected":false},"excerpt":{"rendered":"<p>La medida, que se extender\u00e1 hasta el \u00faltimo d\u00eda de julio, tambi\u00e9n proh\u00edbe el uso del recurso para regado de&hellip;<\/p>\n","protected":false},"author":3,"featured_media":9528,"comment_status":"closed","ping_status":"open","sticky":false,"template":"","format":"standard","meta":{"footnotes":""},"categories":[879],"tags":[41,66,67,836,1102,572,732],"class_list":["post-9527","post","type-post","status-publish","format-standard","has-post-thumbnail","hentry","category-servicios-publicos","tag-agua-potable","tag-arroyito","tag-arroyito-cordoba","tag-arroyito-online","tag-gobierno-municipal","tag-noticias-de-arroyito-y-zona","tag-servicios-publicos"],"_links":{"self":[{"href":"https:\/\/arroyitoonline.com.ar\/index.php?rest_route=\/wp\/v2\/posts\/9527","targetHints":{"allow":["GET"]}}],"collection":[{"href":"https:\/\/arroyitoonline.com.ar\/index.php?rest_route=\/wp\/v2\/posts"}],"about":[{"href":"https:\/\/arroyitoonline.com.ar\/index.php?rest_route=\/wp\/v2\/types\/post"}],"author":[{"embeddable":true,"href":"https:\/\/arroyitoonline.com.ar\/index.php?rest_route=\/wp\/v2\/users\/3"}],"replies":[{"embeddable":true,"href":"https:\/\/arroyitoonline.com.ar\/index.php?rest_route=%2Fwp%2Fv2%2Fcomments&post=9527"}],"version-history":[{"count":1,"href":"https:\/\/arroyitoonline.com.ar\/index.php?rest_route=\/wp\/v2\/posts\/9527\/revisions"}],"predecessor-version":[{"id":9529,"href":"https:\/\/arroyitoonline.com.ar\/index.php?rest_route=\/wp\/v2\/posts\/9527\/revisions\/9529"}],"wp:featuredmedia":[{"embeddable":true,"href":"https:\/\/arroyitoonline.com.ar\/index.php?rest_route=\/wp\/v2\/media\/9528"}],"wp:attachment":[{"href":"https:\/\/arroyitoonline.com.ar\/index.php?rest_route=%2Fwp%2Fv2%2Fmedia&parent=9527"}],"wp:term":[{"taxonomy":"category","embeddable":true,"href":"https:\/\/arroyitoonline.com.ar\/index.php?rest_route=%2Fwp%2Fv2%2Fcategories&post=9527"},{"taxonomy":"post_tag","embeddable":true,"href":"https:\/\/arroyitoonline.com.ar\/index.php?rest_route=%2Fwp%2Fv2%2Ftags&post=9527"}],"curies":[{"name":"wp","href":"https:\/\/api.w.org\/{rel}","templated":true}]}}